{"id":261655,"date":"2019-02-21T21:00:33","date_gmt":"2019-02-21T20:00:33","guid":{"rendered":"http:\/\/www.pcnen.com\/portal\/?p=261655"},"modified":"2019-02-21T21:25:25","modified_gmt":"2019-02-21T20:25:25","slug":"skupstina-opozicija-povukla-zakljucke-ponudila-razgovor-o-tehnickoj-vladi","status":"publish","type":"post","link":"https:\/\/www.pcnen.com\/portal\/2019\/02\/21\/skupstina-opozicija-povukla-zakljucke-ponudila-razgovor-o-tehnickoj-vladi\/","title":{"rendered":"Skup\u0161tina: Opozicija povukla zaklju\u010dke, ponudila razgovor o tehni\u010dkoj vladi"},"content":{"rendered":"<p><img loading=\"lazy\" decoding=\"async\" class=\"alignright size-full wp-image-225363\" src=\"http:\/\/www.pcnen.com\/portal\/wp-content\/uploads\/2017\/04\/skupstina-CG.jpg\" alt=\"\" width=\"300\" height=\"200\" \/>Vanredna sjednica Skup\u0161tine Crne Gore, na kojoj se raspravljalo <a href=\"http:\/\/www.pcnen.com\/portal\/2019\/01\/11\/in4s-stijepovic-uzeo-licno-novac-od-knezevica\/\">aferi &#8220;Koverta&#8221;<\/a>, okon\u010dana je ve\u010deras bez zaklju\u010daka. Opozicija je povukla one koje je sama predlo\u017eila nakon \u0161to je parlamentarna ve\u0107ina poku\u0161ala da amandmanima izmijeni njihovu su\u0161tinu.<\/p>\n<p>Nakon povla\u010denja predlo\u017eenih zaklju\u010daka, opozicija je pozvala parlamentarnu ve\u0107inu na razgvor o tehni\u010dkoj vladi, kao posljednjem izlazu iz te\u0161ke politi\u010dke krize koja je dovela do blokade svih dr\u017eavnih institucija i nepovjerenja gra\u0111ana u njih.<\/p>\n<p>Prvu vanrednu sjednicu u ovoj godini zakazao je predsjednik parlamenta Ivan Brajovi\u0107 na inicijativu Socijaldemokratske partije, koju je potpisalo 28 opozicionih poslanika.<\/p>\n<p>U predlo\u017eenim zaklju\u010dcima se navodilo da Skup\u0161tina zahtijeva od nadle\u017enih dr\u017eavnih organa da, cijene\u0107i sistemske posljedice optu\u017ebi u slu\u010daju &#8220;Koverta&#8221;, prioritetno ispitaju navode i materijalne dokaze koje je javnosti predo\u010dio Du\u0161ko Kne\u017eevi\u0107 i o tome u najkra\u0107em roku obavijeste parlament.<\/p>\n<p>&#8220;Skup\u0161tina posebno poziva Tu\u017eila\u0161tvo da nastavi sa istragom u ovom slu\u010daju kako bi se u daljem postupku kona\u010dno utvrdilo ko su akteri ovog te\u0161kog krivi\u010dnog djela, o \u010demu ve\u0107 postoji osnovana sumnja na osnovu snimaka o kojima je javnost upoznata&#8221;, ka\u017ee se u predlogu opozicionih zaklju\u010daka.<\/p>\n<p>Skup\u0161tina konstatuje, kako se navodi, da su posljednja de\u0161avanja oko afere &#8220;Koverta&#8221;, u kojoj u\u010destvuje dr\u017eavni vrh, dodatno produbila nepovjerenje u izborni proces i nedvosmisleno pokazala da u ovom trenutku nema uslova za fer i slobodne izbore.<\/p>\n<p>Afera &#8220;Koverta&#8221; se odnosi na sumnje u nelegalno finansiranje vladaju\u0107eg DPS-a tokom izbornog procesa.<\/p>\n<p>Biznismen Kne\u017eevi\u0107, koji je u bjekstvu i kome je sud odredio jednomjese\u010dni pritvor, emitovao je video snimak na kome predaje kovertu sa, prema njegovim rije\u010dima blizu 100.000 eura visokom funkcioneru DPS i biv\u0161em gradona\u010delniku Slavljubu Stijepovi\u0107u za pokri\u0107e, kako je naveo &#8211; izbornih tro\u0161kova vladaju\u0107eg DPS-a.<\/p>\n","protected":false},"excerpt":{"rendered":"<p>Vanredna sjednica Skup\u0161tine Crne Gore, na kojoj se raspravljalo aferi &#8220;Koverta&#8221;, okon\u010dana je ve\u010deras bez zaklju\u010daka. Opozicija je povukla one koje je sama predlo\u017eila nakon \u0161to je parlamentarna ve\u0107ina poku\u0161ala da amandmanima izmijeni njihovu su\u0161tinu. Nakon povla\u010denja predlo\u017eenih zaklju\u010daka, opozicija je pozvala parlamentarnu ve\u0107inu na razgvor o tehni\u010dkoj vladi, kao posljednjem izlazu iz te\u0161ke politi\u010dke [&hellip;]<\/p>\n","protected":false},"author":1,"featured_media":0,"comment_status":"open","ping_status":"closed","sticky":false,"template":"","format":"standard","meta":{"_seopress_robots_primary_cat":"","_seopress_titles_title":"","_seopress_titles_desc":"","_seopress_robots_index":"","_et_pb_use_builder":"","_et_pb_old_content":"","_et_gb_content_width":"","inline_featured_image":false,"footnotes":""},"categories":[14,12],"tags":[],"class_list":["post-261655","post","type-post","status-publish","format-standard","hentry","category-vijesti","category-prica-dana"],"_links":{"self":[{"href":"https:\/\/www.pcnen.com\/portal\/wp-json\/wp\/v2\/posts\/261655","targetHints":{"allow":["GET"]}}],"collection":[{"href":"https:\/\/www.pcnen.com\/portal\/wp-json\/wp\/v2\/posts"}],"about":[{"href":"https:\/\/www.pcnen.com\/portal\/wp-json\/wp\/v2\/types\/post"}],"author":[{"embeddable":true,"href":"https:\/\/www.pcnen.com\/portal\/wp-json\/wp\/v2\/users\/1"}],"replies":[{"embeddable":true,"href":"https:\/\/www.pcnen.com\/portal\/wp-json\/wp\/v2\/comments?post=261655"}],"version-history":[{"count":0,"href":"https:\/\/www.pcnen.com\/portal\/wp-json\/wp\/v2\/posts\/261655\/revisions"}],"wp:attachment":[{"href":"https:\/\/www.pcnen.com\/portal\/wp-json\/wp\/v2\/media?parent=261655"}],"wp:term":[{"taxonomy":"category","embeddable":true,"href":"https:\/\/www.pcnen.com\/portal\/wp-json\/wp\/v2\/categories?post=261655"},{"taxonomy":"post_tag","embeddable":true,"href":"https:\/\/www.pcnen.com\/portal\/wp-json\/wp\/v2\/tags?post=261655"}],"curies":[{"name":"wp","href":"https:\/\/api.w.org\/{rel}","templated":true}]}}