{"id":261651,"date":"2019-02-20T21:00:04","date_gmt":"2019-02-20T20:00:04","guid":{"rendered":"http:\/\/www.pcnen.com\/portal\/?p=261651"},"modified":"2019-02-20T21:00:04","modified_gmt":"2019-02-20T20:00:04","slug":"pretezno-vedro-vjetar-sjeverni","status":"publish","type":"post","link":"https:\/\/www.pcnen.com\/portal\/2019\/02\/20\/pretezno-vedro-vjetar-sjeverni\/","title":{"rendered":"Prete\u017eno vedro, vjetar sjeverni"},"content":{"rendered":"<p><img loading=\"lazy\" decoding=\"async\" class=\"alignright size-full wp-image-225574\" src=\"http:\/\/www.pcnen.com\/portal\/wp-content\/uploads\/2017\/05\/suma-e1543310924708.jpg\" alt=\"\" width=\"300\" height=\"400\" \/>U \u010detvrtak \u0107e biti prete\u017eno sun\u010dano, uz povremeno malu ili umjerenu obla\u010dnost.<\/p>\n<p>Na sjeveru Crne Gore \u0107e, tokom jutra ili prijepodneva, po kotlinama biti mogu\u0107a magla.<\/p>\n<p>Vjetar \u00a0sa sjevera \u0107e uglavnom biti slab do umjeren.<\/p>\n<p>Jutarnja temperatura vazduha kreta\u0107e se u asponu od -4 do 6, a najvi\u0161a dnevna od 5 do 18 stepeni.<\/p>\n<p>U Podgorici \u0107e biti prete\u017eno sun\u010dano, uz povremeno malu ili umjerenu obla\u010dnost. Sjverni vjetar \u0107e povremeno biti umjeren. Jutarnja temperatura vazduha bi\u0107e oko 4, a najvi\u0161a dnevna do 17 stepeni.<\/p>\n<p><a href=\"http:\/\/www.meteo.co.me\/misc.php?text=121&amp;sektor=1&amp;grad=BAR\">Prognoza za ostale crnogorske gradove.<\/a><\/p>\n","protected":false},"excerpt":{"rendered":"<p>Najvi\u0161a dnevna temperatura od 5 do 18 stepeni<\/p>\n","protected":false},"author":1,"featured_media":0,"comment_status":"open","ping_status":"closed","sticky":false,"template":"","format":"standard","meta":{"_seopress_robots_primary_cat":"","_seopress_titles_title":"","_seopress_titles_desc":"","_seopress_robots_index":"","_et_pb_use_builder":"","_et_pb_old_content":"","_et_gb_content_width":"","inline_featured_image":false,"footnotes":""},"categories":[14,12],"tags":[],"class_list":["post-261651","post","type-post","status-publish","format-standard","hentry","category-vijesti","category-prica-dana"],"_links":{"self":[{"href":"https:\/\/www.pcnen.com\/portal\/wp-json\/wp\/v2\/posts\/261651","targetHints":{"allow":["GET"]}}],"collection":[{"href":"https:\/\/www.pcnen.com\/portal\/wp-json\/wp\/v2\/posts"}],"about":[{"href":"https:\/\/www.pcnen.com\/portal\/wp-json\/wp\/v2\/types\/post"}],"author":[{"embeddable":true,"href":"https:\/\/www.pcnen.com\/portal\/wp-json\/wp\/v2\/users\/1"}],"replies":[{"embeddable":true,"href":"https:\/\/www.pcnen.com\/portal\/wp-json\/wp\/v2\/comments?post=261651"}],"version-history":[{"count":0,"href":"https:\/\/www.pcnen.com\/portal\/wp-json\/wp\/v2\/posts\/261651\/revisions"}],"wp:attachment":[{"href":"https:\/\/www.pcnen.com\/portal\/wp-json\/wp\/v2\/media?parent=261651"}],"wp:term":[{"taxonomy":"category","embeddable":true,"href":"https:\/\/www.pcnen.com\/portal\/wp-json\/wp\/v2\/categories?post=261651"},{"taxonomy":"post_tag","embeddable":true,"href":"https:\/\/www.pcnen.com\/portal\/wp-json\/wp\/v2\/tags?post=261651"}],"curies":[{"name":"wp","href":"https:\/\/api.w.org\/{rel}","templated":true}]}}