{"id":261647,"date":"2019-02-21T07:00:47","date_gmt":"2019-02-21T06:00:47","guid":{"rendered":"http:\/\/www.pcnen.com\/portal\/?p=261647"},"modified":"2019-02-20T18:55:36","modified_gmt":"2019-02-20T17:55:36","slug":"bolje-severna-nego-bivsa","status":"publish","type":"post","link":"https:\/\/www.pcnen.com\/portal\/2019\/02\/21\/bolje-severna-nego-bivsa\/","title":{"rendered":"Bolje Severna nego Biv\u0161a"},"content":{"rendered":"<p><strong><img loading=\"lazy\" decoding=\"async\" class=\"alignright size-full wp-image-180937\" src=\"http:\/\/www.pcnen.com\/portal\/wp-content\/uploads\/2015\/05\/svetlana-slapsak-e1550685254140.jpg\" alt=\"\" width=\"300\" height=\"224\" \/>Pi\u0161e: Svetlana Slap\u0161ak<\/strong><\/p>\n<p>Re\u010d je o Makedoniji, ali bi se odnedavno moglo odnositi i na Irsku\u2026 Posle dvadeset godina gr\u010dkog odbijanja i fantasti\u010dnih predloga o novom imenu za Makedoniju, do\u0161lo se, ve\u0161tim parlamentarnim slalomom, do saglasnosti na obe strane. Oba premijera su svoju politi\u010dku budu\u0107nost ulo\u017eila za zapis u istoriji. Cipras je izvesno rizikovao vi\u0161e, izgubio je koaliciju i predao se kasapljenju nacionalista. Za razliku od makedonske nacionalisti\u010dke opozicije, gr\u010dku vode bogate politi\u010dke dinastije koje je upravo Cipras, u dugoj istoriji gr\u010dke politike, prvi bacio na kolena na izborima, i to dva puta. Levi\u010dari \u010distunske orijentacije diljem Evrope, koji su sa visoko dignutim nosom prezirali Ciprasove kompromise, mogli bi se zamisliti nad time: ali ko \u0107e se jo\u0161 baviti modernom gr\u010dkom istorijom!<\/p>\n<p>Kako je svet tako dobro podnosio dr\u017eavu koja se zvala \u201ebiv\u0161a\u201c? Iz perspektive dana\u0161nje ofanzive pravog ludila u politici, to mo\u017eda ne izgleda tako stra\u0161no. Ni na jednoj strani nisu ostvareni \u201ehiljadugodi\u0161nji\u201c snovi, \u0161to je isto tako pozitivan rezultat. No na\u017ealost, osnovni razlog ovog dugog i mu\u010dnog postupka bio je da i Makedonija postane \u010dlanica NATO-a i da tako upotpuni savezni\u010dki paket na Balkanu, predstavljen uglavnom parovima mogu\u0107nih neprijatelja, sa Gr\u010dkom i Turskom na \u010delu po vojnoj mo\u0107i. Proslava pobede razuma je ipak deplasirana. Severnu Makedoniju \u010deka grubo bu\u0111enje kada NATO prvi put bude zahtevao davanje odre\u0111enog procenta iz dr\u017eavnog bud\u017eeta za kupovinu oru\u017eja od NATO-vih komitenata, odlazak makedonskog odreda na vojne ve\u017ebe u Latviju usred zime, a mo\u017eda i slanje nekog kontingenta u Venecuelu\u2026<\/p>\n<p>I ovogodi\u0161nju proslavu dana kulture u Sloveniji (8. februar, dan Pre\u0161ernove smrti) pratilo je uzbu\u0111enje u vezi sa govorom predsednika \u017eirija za Pre\u0161ernove nagrade, Vinka Mederndorfera. Govorimo o tradiciji: pre nekoliko godina je, demonstracijama i spaljivanjem violon\u010dela, na ovaj dan zapo\u010dela duga zimska pobuna koja se zavr\u0161ila padom vlade Janeza Jan\u0161e. Zatim su sledile protestne izjave, recimo re\u017eisera ili u\u010desnika priredbe, sve dok kriti\u010dki i optu\u017euju\u0107i govor predsednika \u017eirija za Pre\u0161ernove nagrade nije postao institucija namenjena neposrednom poni\u017eavanju prvih redova publike u Galusovoj dvorani Cankarevog doma. Posledi\u010dno, politi\u010dari posle proslave zaglavljuju izlazna vrata, da ih niko ne bi mogao ni\u0161ta pitati. Ove godine je Mederndorfer prevazi\u0161ao sva o\u010dekivanja, i tu smo ponovo kod NATO-a i sudbine Severne Makedonije: izneo je cenovnik vozila i oru\u017eja koje Slovenija mora kupiti na zahtev NATO-a i kako to izgleda u pore\u0111enju sa osnovnim potrebama kulture. Recimo, jedan oklopni osmoto\u010dka\u0161 bio bi dovoljan da se popravi zgrada Slovena\u010dkog Narodnog pozori\u0161ta koja se raspada, nekoliko \u010dudnih vojnih vozila bi sagradilo dodatak Narodno-univerzitetske biblioteke na koji se \u010deka preko dvadeset godina, itd. Pou\u010dna pri\u010da za Severnu Makedoniju\u2026<\/p>\n<p>Pobeda makedonskog visokog politi\u010dara u slovena\u010dkom parlamentu bila je obele\u017eena odbijanjem stranke Levice da se pridru\u017ei potvr\u0111ivanju dogovora o Severnoj Makedoniji \u2013 ne zbog imena, ve\u0107 zbog NATO-a.<\/p>\n<p>\u010citava rasprava oko imena dr\u017eave Makedonije prethodnih \u010detvrt veka bila je savr\u0161eno sumanuta: jedina jugoslovenska republika koja se uzdr\u017eala od rata ka\u017enjena je nemogu\u0107no\u0161\u0107u da upotrebljava i ustoli\u010di svoje ime; u svetu mnogih dvoimenih dr\u017eava to je bio potpuni apsurd, jer niko nije branio Gr\u010dkoj da zadr\u017ei ime svoje severne pokrajine, Makedonije. Po tome je ta\u010dno ime jugoslovenske Makedonije slobodno moglo biti Jo\u0161 Severnija Makedonija. U debati su svoj akademski ugled izgubili mnogi klasi\u010dari, koji su predlagali \u0161to je mogu\u0107no uvrnutija imena i stra\u0161no se uzbu\u0111ivali \u0161to se neki mali slovenski narod sa socijalisti\u010dkom istorijom usu\u0111uje da dirne u neprikosnovenost gr\u010dke klasike. No, jo\u0161 ve\u0107u i neprijatniju sramotu izveli su makedonski politi\u010dari sa skupim unaka\u017eenjem Skopja. Ni\u0161ta od toga ne\u0107e biti popravljeno i zaboravljeno ustanovljavanjem novog imena\u2026<\/p>\n<p>I \u0161ta na kraju, odnosno na po\u010detku me\u0111unarodno prihva\u0107ene i u NATO upisane Makedonije? \u010cekanje na ulaz u EU, dok jo\u0161 postoji? Mnogo stabilnija dr\u017eava i mnogo vi\u0161e novca? Snove niko ne propituje. Sve \u0161to mi ostaje jeste ljubav prema mnogo \u010demu makedonskom, od jezika do prijatelja, od predela do muzike, od knji\u017eevnosti do pijace, i sloboda da to imenujem Makedonija.<\/p>\n<p><a href=\"https:\/\/pescanik.net\/bolje-severna-nego-bivsa\/\">Pe\u0161\u010danik.net<\/a><\/p>\n","protected":false},"excerpt":{"rendered":"<p>\u010citava rasprava oko imena dr\u017eave Makedonije prethodnih \u010detvrt veka bila je savr\u0161eno sumanuta<\/p>\n","protected":false},"author":1,"featured_media":0,"comment_status":"open","ping_status":"closed","sticky":false,"template":"","format":"standard","meta":{"_seopress_robots_primary_cat":"","_seopress_titles_title":"","_seopress_titles_desc":"","_seopress_robots_index":"","_et_pb_use_builder":"","_et_pb_old_content":"","_et_gb_content_width":"","inline_featured_image":false,"footnotes":""},"categories":[5],"tags":[],"class_list":["post-261647","post","type-post","status-publish","format-standard","hentry","category-drugi-pisu"],"_links":{"self":[{"href":"https:\/\/www.pcnen.com\/portal\/wp-json\/wp\/v2\/posts\/261647","targetHints":{"allow":["GET"]}}],"collection":[{"href":"https:\/\/www.pcnen.com\/portal\/wp-json\/wp\/v2\/posts"}],"about":[{"href":"https:\/\/www.pcnen.com\/portal\/wp-json\/wp\/v2\/types\/post"}],"author":[{"embeddable":true,"href":"https:\/\/www.pcnen.com\/portal\/wp-json\/wp\/v2\/users\/1"}],"replies":[{"embeddable":true,"href":"https:\/\/www.pcnen.com\/portal\/wp-json\/wp\/v2\/comments?post=261647"}],"version-history":[{"count":0,"href":"https:\/\/www.pcnen.com\/portal\/wp-json\/wp\/v2\/posts\/261647\/revisions"}],"wp:attachment":[{"href":"https:\/\/www.pcnen.com\/portal\/wp-json\/wp\/v2\/media?parent=261647"}],"wp:term":[{"taxonomy":"category","embeddable":true,"href":"https:\/\/www.pcnen.com\/portal\/wp-json\/wp\/v2\/categories?post=261647"},{"taxonomy":"post_tag","embeddable":true,"href":"https:\/\/www.pcnen.com\/portal\/wp-json\/wp\/v2\/tags?post=261647"}],"curies":[{"name":"wp","href":"https:\/\/api.w.org\/{rel}","templated":true}]}}