{"id":261633,"date":"2019-02-20T16:57:07","date_gmt":"2019-02-20T15:57:07","guid":{"rendered":"http:\/\/www.pcnen.com\/portal\/?p=261633"},"modified":"2019-02-20T19:45:35","modified_gmt":"2019-02-20T18:45:35","slug":"dan-socijalne-pravde-u-znaku-jos-vece-nejednakosti","status":"publish","type":"post","link":"https:\/\/www.pcnen.com\/portal\/2019\/02\/20\/dan-socijalne-pravde-u-znaku-jos-vece-nejednakosti\/","title":{"rendered":"Dan socijalne pravde u znaku jo\u0161 ve\u0107e nejednakosti"},"content":{"rendered":"<p><img loading=\"lazy\" decoding=\"async\" class=\"alignright size-full wp-image-87874\" src=\"http:\/\/www.pcnen.com\/portal\/wp-content\/uploads\/2012\/07\/bogati_siromasi-e1516698442211.jpg\" alt=\"\" width=\"300\" height=\"226\" \/>Danas se obilje\u017eava svjetski dan socijalne pravde kako bi se osvijestila potreba rje\u0161avanja problema siroma\u0161tva, ekonomske nejednakosti, socijalne isklju\u010denosti i nezaposlenosti za postizanje trajnog i univerzalnog mira.<\/p>\n<p>Globalna nejednakost se u pro\u0161loj godini jo\u0161 vi\u0161e produbila, pa je tako, prema godi\u0161njem izvje\u0161taju Oxfama, u 2018. godini 26 najbogatijih ljudi svijeta u svojim rukama dr\u017ealo jednaku koli\u010dinu bogatstva kao 3,8 milijardi najsiroma\u0161nijih. Tako\u0111e, skoro polovina \u010dovje\u010danstva, odnosno 3,4 milijarde ljudi, nema dovoljno novca za osnovne \u017eivotne potrebe, odnosno, prema zadnjim podacima Svjetske banke, \u017eivi s manje od pet i pol dolara dnevno.<\/p>\n","protected":false},"excerpt":{"rendered":"<p>Danas se obilje\u017eava svjetski dan socijalne pravde kako bi se osvijestila potreba rje\u0161avanja problema siroma\u0161tva, ekonomske nejednakosti, socijalne isklju\u010denosti i nezaposlenosti za postizanje trajnog i univerzalnog mira. Globalna nejednakost se u pro\u0161loj godini jo\u0161 vi\u0161e produbila, pa je tako, prema godi\u0161njem izvje\u0161taju Oxfama, u 2018. godini 26 najbogatijih ljudi svijeta u svojim rukama dr\u017ealo jednaku [&hellip;]<\/p>\n","protected":false},"author":1,"featured_media":0,"comment_status":"open","ping_status":"closed","sticky":false,"template":"","format":"standard","meta":{"_seopress_robots_primary_cat":"","_seopress_titles_title":"","_seopress_titles_desc":"","_seopress_robots_index":"","_et_pb_use_builder":"","_et_pb_old_content":"","_et_gb_content_width":"","inline_featured_image":false,"footnotes":""},"categories":[14,12],"tags":[],"class_list":["post-261633","post","type-post","status-publish","format-standard","hentry","category-vijesti","category-prica-dana"],"_links":{"self":[{"href":"https:\/\/www.pcnen.com\/portal\/wp-json\/wp\/v2\/posts\/261633","targetHints":{"allow":["GET"]}}],"collection":[{"href":"https:\/\/www.pcnen.com\/portal\/wp-json\/wp\/v2\/posts"}],"about":[{"href":"https:\/\/www.pcnen.com\/portal\/wp-json\/wp\/v2\/types\/post"}],"author":[{"embeddable":true,"href":"https:\/\/www.pcnen.com\/portal\/wp-json\/wp\/v2\/users\/1"}],"replies":[{"embeddable":true,"href":"https:\/\/www.pcnen.com\/portal\/wp-json\/wp\/v2\/comments?post=261633"}],"version-history":[{"count":0,"href":"https:\/\/www.pcnen.com\/portal\/wp-json\/wp\/v2\/posts\/261633\/revisions"}],"wp:attachment":[{"href":"https:\/\/www.pcnen.com\/portal\/wp-json\/wp\/v2\/media?parent=261633"}],"wp:term":[{"taxonomy":"category","embeddable":true,"href":"https:\/\/www.pcnen.com\/portal\/wp-json\/wp\/v2\/categories?post=261633"},{"taxonomy":"post_tag","embeddable":true,"href":"https:\/\/www.pcnen.com\/portal\/wp-json\/wp\/v2\/tags?post=261633"}],"curies":[{"name":"wp","href":"https:\/\/api.w.org\/{rel}","templated":true}]}}