{"id":261600,"date":"2019-02-20T07:35:43","date_gmt":"2019-02-20T06:35:43","guid":{"rendered":"http:\/\/www.pcnen.com\/portal\/?p=261600"},"modified":"2019-02-20T07:35:43","modified_gmt":"2019-02-20T06:35:43","slug":"svoje-ne-damo-tude-zelimo","status":"publish","type":"post","link":"https:\/\/www.pcnen.com\/portal\/2019\/02\/20\/svoje-ne-damo-tude-zelimo\/","title":{"rendered":"Svoje ne damo, tu\u0111e \u017eelimo"},"content":{"rendered":"<p><strong><img loading=\"lazy\" decoding=\"async\" class=\"size-full wp-image-245128 alignleft\" src=\"http:\/\/www.pcnen.com\/portal\/wp-content\/uploads\/2018\/04\/marijan-vogrinec.jpg\" alt=\"\" width=\"300\" height=\"218\" \/>Pi\u0161e: Marijan Vogrinec<\/strong><\/p>\n<p>Ka\u017ee mudar p\u00fbk: tresla se brda, rodio se mi\u0161. A glede i u svezi toga jesu li hrvatski i komadi\u0107 slovenskog dijela Istre te sva hrvatska Dalmacija s otocima &#8211; uklju\u010duju\u0107i, je li, Gorski kotar, Kvarner i Hrvatsko primorje u me\u0111uprostoru &#8211; talijanski teritorij, rodilo se poveliko &#8211; ni\u0161&#8217;.<\/p>\n<p>I ni\u0161&#8217; \u0107e biti u\u010dinak sve politikantske halabuke cijeli pro\u0161li tjedan po manistream medijima i s kojekakvih govornica visokog &#8220;domoljubnog&#8221; intenziteta o tomu kako se talijanski predsjednik Europskog parlamenta Antonio Tajani, prvi od vi\u0111enijih politi\u010dkih likova na Starom kontinentu u pro\u0161lih 70 i kusur godina usudio tako bagatelizirati i krivotvoriti onu legendarnu Mar\u0161alovu: &#8220;Tu\u0111e ne\u0107emo, svoje ne damo&#8221;.<\/p>\n<p>Iredentizirao ju je u &#8220;Svoje ne damo, tu\u0111e \u017eelimo&#8221;. U povijesti se naj\u010de\u0161\u0107e pokazalo i &#8211; otimamo. A partizanski vo\u0111a Josip Broz Tito, gadno je na okupiranim hrvatskim podru\u010djima paprio \u017eivot talijanskim fa\u0161istima, dok nisu kapitulirali 1943. godine.<\/p>\n<p>Pobjedom je nad njema\u010dkim nacistima i doma\u0107im usta\u0161kim sluganima u zavr\u0161nim vojnim operacijama u prolje\u0107e 1945. godine vratio matici Hrvatskoj (i Sloveniji njezin komadi\u0107 Istre) sve amputirane krajeve, \u0161to ih sada Tajani neodgovorno progla\u0161ava talijanskim. Mar\u0161al ih je vratio pobjedni\u010dkom, partizanskom, narodnooslobodila\u010dkom borbom i morem domoljubne krvi, na strani savezni\u010dke antinacifa\u0161isti\u010dke koalicije, \u0161to je satrla najve\u0107e ideolo\u0161ko zlo u ljudskoj povijesti. Fa\u0161izam i nacizam.<\/p>\n<p>Nije to u\u010dnila nikakva istarska filijala Katoli\u010dke crkve i nikakav vl\u010d. Bo\u017eo Milanovi\u0107, ma koliko mu ispod &#8220;pastirske&#8221; haljine kucalo hrvatsko srce, kako &#8220;vitez Vite\u0161kog reda svetog groba jeruzalemskog&#8221; \u017deljko Reiner sa saborske govornice prosipa povijesne krivotvorine o tzv. crkvenim zaslugama, banalizira i Tita i njegove hrvatske borce za hrvatsku Istru, hrvatsku Dalmaciju s otocima i ostale neprijeporno hrvatske krajeve. Ili medicinar po struci ne zna povijest ili bogobojazan lik s trogodi\u0161njim &#8220;jeruzalemsko-vite\u0161kim&#8221; preodgojem svjesno la\u017ee.<\/p>\n<p>Zn\u00e2 da i samo jedna hostija u\u010das, \u010dak prije no \u0161to se otopi na jeziku, u njegovoj vjeri opet i notornog la\u017eljivca vodi ravno Bogu. Katoli\u010dka se crkva, zajedno s ratnim papom Piom XII. (od\u0161utio jezivi genocid nad \u0161est milijuna \u017didova, etc.), debelo kompromitirala u Drugom svjetskom ratu, dr\u017ee\u0107i nacifa\u0161izam manjim zlom od komunizma, \u0161to je imalo drasti\u010dne posljedice i na hrvatskom tlu.<\/p>\n<p>Nije bez veze ve\u0107 decenijska zbunidba u javnom prostoru &#8211; \u010dak u samom vrhu Rimske kurije &#8211; glede i u svezi uloge zagreba\u010dkog nadbiskupa kardinala Alojzija Stepinca u me\u0111unarodno nepriznatoj tzv. NDH, usta\u0161koj paradr\u017eavi, u kojoj je 1942. imenovan vojnim vikarom. Da se i ne govori o velikom broju katoli\u010dkih sve\u0107enika koji su tako\u0111er odu\u0161evljeno pristali uz novoosnovanu &#8220;hrvatsku dr\u017eavu&#8221;. I sudjelovali, odobravali ili kukavi\u010dki, anacionalno i bezbo\u017eni\u010dki pre\u0161u\u0107ivali usta\u0161ke klaonice u svojim \u017eupama.<\/p>\n<p>Za razliku od, recimo, vl\u010d. Svetozara Rittiga iz zagreba\u010dke crkve sv. Marka i manjeg dijela &#8220;pastirskih&#8221; kolega, koji su u to olovno doba &#8211; zajedno s velikanima hrvatskog stiha Vladimirom Nazorom, Ivanom Goranom Kova\u010di\u0107em, prvakom HNK u Zagrebu Vjekoslavom Afri\u0107em i dijelom ansambla, intelektualnim cvijetom Hrvatske, cijelom prvom mom\u010dadi splitskog Hajduka, etc. &#8211; znali odabrati pravi hrvatski interes izme\u0111u partizanskog Mar\u0161ala &#8220;u \u0161umi&#8221; i krvavog usta\u0161kog zlo\u010dinca u otetoj \u017eidovskoj vili na Pantov\u010daku Ante Paveli\u0107a.<\/p>\n<p>Nije tajna da je nezanemariv dio katoli\u010dkog klera bio dijelom genocidnog usta\u0161kog (u)stroja i neoprostivo zgrije\u0161io pred svojim vjernicima, \u0161to pak &#8211; uz re\u010denu samo jednu hostiju &#8211; Bog opra\u0161ta bez pardona. Ako je Svevi\u0161nji tako milosrdne du\u0161e (ima li Bog du\u0161u, je li, ako je bog?), pa je sve oprostio te pustio k sebi zdesna jednog fra Tomislava Filipovi\u0107a, kojem je zbog majstorskih sposobnosti u jasenova\u010dkoj klaonici kapo Vjekoslav Maks Luburi\u0107 podario nadimak Majstorovi\u0107, kako ne bi usta\u0161i u &#8220;pastirskoj&#8221; haljini vl\u010d. Vilimu Cecelji, \u017eupniku iz tada prigradskog zagreba\u010dkog naselja Kusto\u0161ije, navodnom Paveli\u0107evom ispovjedniku i Stepin\u010devom zamjeniku na poziciji usta\u0161kog vikara, pred kojim je prisegnula cijela vlada tzv. NDH.<\/p>\n<p>Aktivna je kolaboracija s usta\u0161kim re\u017eimom, koji je najljep\u0161im dijelovima Hrvatske uz Jadransko more i zale\u0111em zahvalio Duceu i talijanskim fa\u0161istima za jata\u0161tvo i oru\u017eje u apeninskim kampovima za obuku protujugoslavenskih terorista (kao u Ma\u0111arskoj, Austriji, Njema\u010dkoj&#8230;), nekim je sve\u0107enicima do\u0161la glave, neki su odrobijali izvjesno vrijeme, nekima je \u0107orava Pravda progledala kroz prste, ali ve\u0107ina ih je pobjegla \u010dak u najudaljenije prekomorske zape\u0107ke, jer su znali kakva su zla po\u010dinili. Hrvatska bi gaf-predsjednica Kolinda Grabar-Kitarovi\u0107, tako\u0111er deficitarna povijesnim znanjem, kazala da su samo &#8220;tra\u017eili prostor slobode&#8221;. Sic transit. Bje\u017eali su od odgovornosti.<\/p>\n<p>Nije valjda Antonio Tajani mislio na taj dio najsramotnije hrvatske povijesti, usta\u0161ki, kad se buljuk crnog jada dotepen iz emigracije i najpasivnijih hrvatskih krajeva sjetio kr\u010dmiti tu\u0111inu najve\u0107e\/najljep\u0161e\/najvrjednije nacionalno blago &#8211; hrvatske teritorije, hrvatski \u017eivotni prostor. Na to nije imao nikakvo pravo. I onda \u0107e &#8220;hrvatski vitez&#8221; koji protivno kanonu svoje vjere zagovara Istanbulsku konvenciju (sic transit &#8211; vitez, u digitalno doba!?) besramno kititi Katoli\u010dku crkvu tu\u0111im perjem!? I to partizanskim.<\/p>\n<p>I ba\u0161 ratnim pobjedama &#8220;kumrove\u010dkog Jo\u017ee&#8221; abolirati (ne spominju\u0107i gai!?) usta\u0161ki re\u017eim od najve\u0107e nacionalne veleizdaje u hrvatskoj povijesti. Time, je li, davati za pravo i teritorijalnim nebulozama talijanskog diplomata s krova EU-a!? A nikakva kartografija ili nacionalni ideali, etc. vl\u010d. Milanovi\u0107a iz 1948. nisu bili me\u0111unarodno validniji od pu\u0161ke i \u010dizme Titovog partizana, koji se sve vrijeme fa\u0161isti\u010dke okupacije opirao crnoko\u0161ulja\u0161ima, 1945. najurio i zadnje naciste te zapasao legitiman hrvatski teritorij. Uklju\u010divo s\u00e2m Trst s okolnim slovenskim \u017eivljem, \u0161to je poslije izgubljeno za zelenim stolom za ve\u0107 za\u010detog hladnoratovskog pripetavanja kapitalisti\u010dkog Zapada i komunisti\u010dkog Istoka. Jer, kad veliki ban\u010de, malima je ukloniti im se s puta.<\/p>\n<p>Ni &#8220;vitezov&#8221; \u0161ef u HDZ-u i parlamentu Andrej Plenkovi\u0107 nije osvjetlao di\u010dni nacionalni obraz time, \u0161to je mlako &#8211; sa smije\u0161kom i no-no ka\u017eiprstom: &#8220;Nazvao sam Tajanija telefonom i izrazio mu svoje nezadovoljstvo&#8221; &#8211; prekorava prisnog prijatelja iz EPP-a (europski pu\u010dani) u udobnom\/unosnom fotelju visokog europskog \u010dinovnika, a HDZ-ovi eurozastupnici uglas i neo\u010dekivano sti\u0161avaju do\u017eivljaj: &#8220;Ne\u0107emo tra\u017eiti Tajanijevu ostavku&#8221;. I sad cijeli HDZ amnestira Tajanijevo najprije nespretno posipanje pepelom, pa kilavu &#8220;ispriku&#8221;, jer &#8220;imao sam dobre namjere, ali sam pogre\u0161no shva\u0107en&#8221;.<\/p>\n<p>Isto ga je kilavo branio vje\u010dni i valjda jedini u RH predstavnik talijanske manjine u Hrvatskom saboru (od 1992. godine) Furio Radin, sada diza\u010d ruke Plenkovi\u0107eve parlamentarne ve\u0107ine. Ka\u017ee mudar p\u00fbk da je i put u pakao poplo\u010dan dobrim namjerama, pa&#8230; Za\u0161to i Talijan pred europarlamentarnim izborima u svibnju ne bi &#8220;dobronamjerno&#8221; prosuo \u0161aku ljuta iredentisti\u010dkog populizma u Basovizzi nedaleko od Trsta: &#8220;\u017divio Trst! \u017divjela talijanska Istra! \u017divjela talijanska Dalmacija!&#8221; Iredentisti\u010dki i revizionisti\u010dki. Ba\u0161, ba\u0161&#8230; Zinuo Tajani, a ne mo\u017ee progutati?<\/p>\n<p>Svojom sre\u0107om, Uniji se \u017eivo fu\u0107ka i za Trst (kao i samoj Italiji za to slijepo crijevo uvrh Jadrana), i za Istru i za Dalmaciju s otocima, pa nitko u tamo\u0161njem diplomatskom mainstreamu nije ni pomislio svom eurobirokratu Tajaniju dati po populisti\u010dkoj labrti.<\/p>\n<p>S obzirom pak na Plenkovi\u0107ev eurodiplomatski pedigre i ambicije te mentalni sklop samodeklarirane transatlantistice s Pantov\u010daka, itekako mo\u017ee pro\u0107i neka\u017enjenom ta poruka na talijanskom, i ba\u0161 iz pograno\u010dne Basovizze: &#8220;Svoje ne damo, tu\u0111e \u017eelimo&#8221;.<\/p>\n<p>Antoniju je Tajaniju zapela za oko i srce ba\u0161 primorska Hrvatska sa zale\u0111em, koju je usta\u0161ki poglavnik tzv. NDH Ante Paveli\u0107 neovla\u0161teno dao tzv. Rimskim ugovorima 18. svibnja 1941. zapisati &#8211; jedan na jedan, kao &#8220;trajno&#8221; vlasni\u0161tvo fa\u0161isti\u010dke Italije, je li &#8211; u gruntovnicu tada Hitlerovog saveznika Benita Mussolinija.<\/p>\n<p>Talijanski fa\u0161izam, te\u0161kim zlo\u010dinima kompromitiran gubitnik u Drugom svjetskom ratu, ostavio je stra\u0161ne o\u017eiljke i na okupiranom hrvatskom tlu. Genocidno je odnaro\u0111ivao, ognjem i ma\u010dem zatirao domicilni hrvatski \u017eivalj. Duh tog zla nije zamro ni u postfa\u0161isti\u010dkoj Italiji, gdje se iredenta &#8211; na (ne)formalnoj razini i ne ba\u0161 s otvorenom dr\u017eavnom potporom, ali&#8230; &#8211; neometano &#8220;igra&#8221; paralelnih lokalnih vlasti hrvatskih primorskih mjesta, bira nekakve svoje &#8220;uprave u egzilu&#8221; i gradona\u010delnike (npr. izvjesni ljuti iredentist Franco Luxardo &#8220;obna\u0161a&#8221; du\u017enost &#8220;gradona\u010delnika&#8221; Zadra; tal. Zara, etc.), koristi talijanske nazive hrvatskih mjesta iz doba okupacije\/talijanizacije. I tako to.<\/p>\n<p>Iredenta ne skriva da \u010deka vratiti se tamo otkud je Tito najurio fa\u0161iste. Prijete: &#8220;Do\u0107i \u0107e na\u0161e vrijeme, a tada&#8230;&#8221; Malo morgen, je li, kazao bi onaj iz po\u017eareva\u010dkog groba. Tko zna \u0161to donosi sutra. Empirija u\u010di da je znanje krhko, a s proricanjem budu\u0107nosti debelo se zeznuo i stari Nostradamus, pa&#8230;<\/p>\n<p>Talijanska iredenta ne miruje od samog kraja Drugog svjetskog rata, a pretenzije su prema dijelovima Hrvatske i Slovenije osobito oja\u010dale raspadom biv\u0161e 24-milijunske SFR Jugoslavije i nastankom samonedostatnih bantustana, svojevrsnih rogova u vre\u0107i kojima zapadni imperijalizam mlatara kako i kada mu se sprdne.<\/p>\n<p>Tim vi\u0161e, jer u odnosima RH i Italije jo\u0161 \u0161to\u0161ta iz dalje i bli\u017ee pro\u0161losti nije rije\u0161eno. Recimo, hrvatska obveza isplate 35 milijuna dolara &#8211; Slovenija je du\u017ena jo\u0161 65 milijuna dolara &#8211; prema Osimskim sporazumima (potpisani 10. srpnja 1975. izme\u0111u Italije i SFR Jugoslavije) na ime od\u0161tete esulima iz tzv. zone B, Istre i Dalmacije, kojima je Titov re\u017eim poslije Drugog svjetskog rata nacionalizirao imovinu, a oni su optirali za Italiju.<\/p>\n<p>Tu je i pitanje nerealiziranog Za\u0161ti\u0107enog ekonomsko-ribolovnog pojasa (ZERP) u Jadranu, itd. Dvije susjedne zemlje, Hrvatska i Italija, imaju jako dinami\u010dnu povijest me\u0111usobnih odnosa i gotovo stalnih sukoba i lationskih posezanja za hrvatskim teritorijem: jo\u0161 od davnih vremena tzv. narodnih vladara pa, je li, sve do dana\u0161njih dana i Antonija Tajanija. Bit \u0107e toga jo\u0161, da se ne zavaravamo. Ni\u0161ta nije zadano za vje\u010dnost, pa ni posjedovanje teritorija. Uvijek je netko bio na nekom tlu i uvijek \u0107e netko po\u017eeljeti isto ozemlje.<\/p>\n<p>Jo\u0161 je jugoslavenski re\u017eim prosvjedovao protiv iredentisti\u010dkih igara bez granica, ali ni\u0161ta. Hrvatskoj, je li, tzv. samostalnoj, neovisnoj i suverenoj to ne smeta. Kao \u0161to joj &#8211; na me\u0111unarodnu sramotu i sablazan &#8211; ne smeta povampireni (pro)usta\u0161luk u zemlji, veleizdajni\u010dko crnilo u Paveli\u0107evoj re\u017eiji, koje je na zlatnom tanjuru darovalo iredenti i razloge za aktualno Tajanijevo proseravanje.<\/p>\n<p>Je li, ionako smo i Italija i RH u istoj federaciji &#8211; Europskoj uniji. Da malo ironiziramo, znao je Antonio Tajani, na krijesti iredentisti\u010dkih apetita, da su i Hrvati i Slovenci maloumno zapustili oba klju\u010dna gradbena kamena iz temelja svoje izglednije budu\u0107nosti, koja im je ostavio u amanet Josip Broz Tito, ne samo pobjednik u Drugom svjetskom ratu i jedan od najve\u0107ih dr\u017eavnika 20. stolje\u0107a, za \u010dije je vlasti 24-milijunska dr\u017eava naroda i narodnosti bila respektabilan svjetski \u010dimbenik: &#8220;Tu\u0111e ne\u0107emo, svoje ne damo&#8221; i &#8220;\u010cuvajte bratstvo i jedinstvo kao zjenicu oka svoga&#8221;.<\/p>\n<p>U postjugoslavenskoj praksi na zapadnom Balkanu &#8211; gdje su se pak narodi i narodnosti za\u010dahurili u jalove, samonedostatne bantustane, ovisne o tu\u0111oj, neokolonijalnoj volji, \u010dak i gadno, oru\u017ejem i genocidno pograbili zbog notornih gluposti, koje razdvajaju i dijele umjesto spajaju &#8211; stasa gruba rekonstrukcija su\u017eivota. Na op\u0107u \u0161tetu.<\/p>\n<p>Zjenice je zapasala debela katarakta, pa svak ne d\u00e2 svoje, a \u017eeli tu\u0111e. Biv\u0161i narodi i narodnosti danas su narodi i narodne\/nacionalne\/etni\u010dke manjine u vrlo opasnim okolnostima grube geopoliti\u010dke\/geostrate\u0161ke rekonstrukcije svjetskog poretka te partenogeneze sredi\u0161ta polit-ekonomske mo\u0107i i utjecaja. Postkomunisti\u010dki narodi zapadnog Balkana, glupo\u0161\u0107u i korumpirano\u0161\u0107u svojih samozvanih &#8220;vo\u0111a&#8221;, opet postaju ili su ve\u0107 postali moneta za potkusurivanje istih aktera iz &#8220;obitelji kojoj oduvijek pripadamo&#8221;, \u0161to su ih stolje\u0107ima gnjeli i odnaro\u0111ivali na milijun i jedan na\u010din. Iredenta nije pala s neba, ima duboko korijenje i mrljive domicilne ratare, pa&#8230;<\/p>\n<p>Za\u0161to bi se onda Antonio Tajani ustru\u010davao re\u0107i to \u0161to je rekao u okolici Trsta, gdje nije slu\u010dajno pribivao komemoraciji u Basovizzi u sklopu Dana sje\u0107anja na \u017ertve fojbi, odnosno stradanja domicilnih Talijana zbog stvarne ili navodne suradnje s fa\u0161istima u okupiranoj Istri i ostalim hrvatskim primorskim krajevima. Mo\u017eda Tajani, pozicioniran tako visoko u Strasbourgu, znade ne\u0161to vi\u0161e i bolje od hrvatskih\/slovenskih diplomata o stanju stvari glede i u svezi mo\u017eda budu\u0107eg, novog zemljovida ovog dijela Europe?<\/p>\n<p>Ili mo\u017eda raspola\u017ee gruntovnim izvatkom jedan na jedan iz doba starorimskih cezara, kojim \u0107e dokazati talijansko vlasni\u0161tvo i povijesno pravo nad hrvatskim i slovenskim dijelom Istre, hrvatskim Gorskim kotarom, Kvarnerom, Hrvatskim primorjem i svom Dalmacijom sa svih 78 hrvatskih otoka, 524 oto\u010di\u0107a te 642 hridi i grebena? Mo\u017eda i Crnom Gorom zbog radbinskih veza kraljevskih ku\u0107a te Albanijom? Za\u0161to ne i nad Srbijom, gdje je ro\u0111eno \u010dak 17 starorimskih imperatora, a predci dana\u0161njih legitimnih vlasnika tog teritorija nisu bili niti na vidiku?<\/p>\n<p>Jo\u0161 su gentilni Slaveni bili daleko iza Karpata &#8211; valjda o\u0161trili ma\u010deve i koplja u surim azijskim mo\u010dvarama, p\u0215stama i tundrama ili gdje ve\u0107, gdje ih poznata povijest nije pouzdano registrirala znatno prije velikog migracijsko-plja\u010dka\u0161ko-osvaja\u010dkog pohoda u Justinijanovo doba prema dana\u0161njim i nekim izgubljenim ve\u0107 europskim stani\u0161tima &#8211; dok su tusti Latini gradili brijunske ville rustice, prakticirali genocid nad Da\u010danima, u Burnumu dresirali legije Gaja Oktavijana za hara\u010denje po Iliriku i Germaniji, a tetrarh Dioklecijan nakon progona kr\u0161\u0107ana \u0161epirio vikendicom u Splitu&#8230;<\/p>\n<p>Tko zna na kakva je &#8220;povijesna prava&#8221; Italije nad najljep\u0161im dijelovima Hrvatske mislio Antonio Tajani uo\u010di europskih izbora ovog prolje\u0107a, koji su jama\u010dno i njemu mo\u017eebitno jamstvo rasko\u0161ne \u010dinovni\u010dke apana\u017ee ni za kakav tzv. malim Europljanima koristan posao. &#8220;Nisam htio nikoga uvrijediti&#8221;, opravdavao se predsjednik Europarlamenta, &#8220;moja izjava ne zna\u010di prisvajanje teritorija&#8221;- Tajani s\u00e2m najbolje zn\u00e2 \u0161to je rekao, za\u0161to je rekao i \u0161to je time \u017eelio poru\u010diti. I sunarodnjacima u blizini slovenske granice, ali i hrvatskim\/slovenskim usjedima. On nije neiskusan i naivan diplomat da nije svjestan te\u017eine svoje rije\u010di.<\/p>\n<p>&#8220;Iz toga kako je on to formulirao&#8221;, ustvrdio je ugledni povjesni\u010dar Tvrtko Jakovina na Novoj TV, &#8220;doista se moglo shvatiti onako kako su to u Sloveniji i Hrvatskoj shvatili. Ono \u0161to je on mislio da je vjerojatno trebalo re\u0107i, ali to nije rekao, jest da su Talijani koji su stolje\u0107ima \u017eivjeli u dijelovima Istre, a neki su bili i u Dalmaciji i ostavili svoj kulturni pe\u010dat, dio talijanskog naroda koji zavre\u0111uje da se njihova povijest valorizira, da ih se saslu\u0161a, da se ta sudbina opi\u0161e. Ono \u0161to je bilo problemati\u010dno u njegovim naro\u010dito prvim izjavama jest da on ne spominje zbog \u010dega je do\u0161lo do prekida vi\u0161estoljetnog \u017eivota Talijana u nekim dijelovima Hrvatske i Slovenije, a to je zbog fa\u0161izma i onoga \u0161to se doga\u0111alo u vremenu Mussolinijeve vlasti i vremenu Drugog svjetskog rata. To je puni kontekst. S tim punim kontekstom ta bi izjava dobila puni smisao i bila bi mnogo manje sporna.<\/p>\n<p>Ona je u Hrvatskoj sporna zbog toga \u0161to Hrvatska radi isto, samo \u0161to mi nismo spremni kad se to, eto, dogodi nama s talijanske strane. (&#8230;) To jest problem, ali imate Fratelli d'Italia (Talijansko bratstvo), talijansku jo\u0161 desniju organizaciju koja je odmah po promjeni imena Trga mar\u0161ala Tita u Zagrebu imala svoj sastanak, na kojem su razgovarali o tome \u0161to bi se eventualno u toj Hrvatskoj moglo doga\u0111ati i mogu li oni u takvoj atmosferi kakva sada jest vidjeti ve\u0107e prilike za te ekstremne politike ili revizionisti\u010dke politike, nego \u0161to su dotad imali. To je problem.&#8221;<\/p>\n<p>Ako ve\u0107 prousta\u0161ki ekstremisti u Bijednoj Na\u0161oj ne zaziru od otvorenog krivotvorenja povijesti Drugog svjetskog rata na hrvatskom tlu, a vladaju\u0107i HDZ-ov mainstream to besramno tolerira ili nevjerodostojno, mlako reagira \u010dak na najgrublje revizionisti\u010dke ekscese te vrste (Ministarstvo branitelja je navodno s 30.000 kuna sufinanciralo knjigu o &#8220;radnom logoru Jasenovcu&#8221; (sic transit &#8211; radnom; za\u0161to ne ladanjskom kampu za odmor i razonodu!?), nije \u010duditi se \u0161to iredenta \u017eestoko mamuza Rogatoga: &#8220;Svoje ne damo, tu\u0111e \u017eelimo&#8221;.<\/p>\n<p>Za\u0161to ne? Mar\u0161ala vi\u0161e nema, antinacifa\u0161izam nadripovjesni\u010dari proglasili floskulom, vl\u010d. Bo\u017eo Milanovi\u0107 pripojio Istru matici domovini, zjenica oka svoga je pod kataraktom, a ucrnjenim prdonjama u nesamodostatnom bantustanu, je li, sve je pre\u010de od tzv. nacionalnog interesa i domoljublja, kojima la\u017eno prise\u017eu.<\/p>\n<p><a href=\"http:\/\/www.h-alter.org\/vijesti\/svoje-ne-damo-tudje-zelimo\">H-alter<\/a><\/p>\n<p>&nbsp;<\/p>\n","protected":false},"excerpt":{"rendered":"<p>Jugoslavenski re\u017eim bio je protiv iredentisti\u010dke igre bez granica, ovaj &#8220;samostalni&#8221; ne<\/p>\n","protected":false},"author":1,"featured_media":0,"comment_status":"open","ping_status":"closed","sticky":false,"template":"","format":"standard","meta":{"_seopress_robots_primary_cat":"","_seopress_titles_title":"","_seopress_titles_desc":"","_seopress_robots_index":"","_et_pb_use_builder":"","_et_pb_old_content":"","_et_gb_content_width":"","inline_featured_image":false,"footnotes":""},"categories":[5],"tags":[],"class_list":["post-261600","post","type-post","status-publish","format-standard","hentry","category-drugi-pisu"],"_links":{"self":[{"href":"https:\/\/www.pcnen.com\/portal\/wp-json\/wp\/v2\/posts\/261600","targetHints":{"allow":["GET"]}}],"collection":[{"href":"https:\/\/www.pcnen.com\/portal\/wp-json\/wp\/v2\/posts"}],"about":[{"href":"https:\/\/www.pcnen.com\/portal\/wp-json\/wp\/v2\/types\/post"}],"author":[{"embeddable":true,"href":"https:\/\/www.pcnen.com\/portal\/wp-json\/wp\/v2\/users\/1"}],"replies":[{"embeddable":true,"href":"https:\/\/www.pcnen.com\/portal\/wp-json\/wp\/v2\/comments?post=261600"}],"version-history":[{"count":0,"href":"https:\/\/www.pcnen.com\/portal\/wp-json\/wp\/v2\/posts\/261600\/revisions"}],"wp:attachment":[{"href":"https:\/\/www.pcnen.com\/portal\/wp-json\/wp\/v2\/media?parent=261600"}],"wp:term":[{"taxonomy":"category","embeddable":true,"href":"https:\/\/www.pcnen.com\/portal\/wp-json\/wp\/v2\/categories?post=261600"},{"taxonomy":"post_tag","embeddable":true,"href":"https:\/\/www.pcnen.com\/portal\/wp-json\/wp\/v2\/tags?post=261600"}],"curies":[{"name":"wp","href":"https:\/\/api.w.org\/{rel}","templated":true}]}}