{"id":261593,"date":"2019-02-19T20:47:26","date_gmt":"2019-02-19T19:47:26","guid":{"rendered":"http:\/\/www.pcnen.com\/portal\/?p=261593"},"modified":"2021-08-26T15:26:49","modified_gmt":"2021-08-26T13:26:49","slug":"dan-i-mans-objavili-ono-o-cemu-katnic-nece-da-govori","status":"publish","type":"post","link":"https:\/\/www.pcnen.com\/portal\/2019\/02\/19\/dan-i-mans-objavili-ono-o-cemu-katnic-nece-da-govori\/","title":{"rendered":"Dan i MANS objavili ono o \u010demu Katni\u0107 ne\u0107e da govori"},"content":{"rendered":"<p><a href=\"https:\/\/www.dan.co.me\/?nivo=3&amp;rubrika=Vijest%20dana&amp;clanak=684373&amp;datum=2019-02-19\" target=\"_blank\" rel=\"noopener noreferrer\">Dnevnik Dan,<\/a> u saradnji sa Mre\u017eom za afirmaciju nevladinog sektora (MANS), <a href=\"http:\/\/www.mans.co.me\/veselin-barovic-dogovorio-cijenu-manjinskih-akcija-telekoma-milo-potpisao\/\" target=\"_blank\" rel=\"noopener noreferrer\">otkriva sadr\u017eaj dokumenata<\/a> o kojima je odbio da govori sino\u0107, u emisiji \u2018Ukr\u0161tene rije\u010di Prve TV, glavni specijalni tu\u017eilac Milivoje Katni\u0107. Ta dokumenta pokazuju da je kontroverzni podgori\u010dki biznismen Veselin Barovi\u0107, ina\u010de osoba bliska predsjedniku Crne Gore Milu \u0110ukanovi\u0107u, dogovarao cijenu manjinskih akcija prilikom privatizacije Telekoma. Tada\u0161nji premijer Milo \u0110ukanovi\u0107 je svojim potpisom ozvani\u010dio taj dogovor.<\/p>\n<p>Rije\u010d je o dokazu koji je pro\u010ditan na saslu\u0161anju direktora Ma\u0111ar telekoma u SAD, u okviru sudskog procesa koji je protiv trojice tih direktora vo\u0111en pred Federalnim sudom na Menhentnu, jer su sa\u010dinjena \u010detiri la\u017ena konsultantska ugovora preko kojih je ispla\u0107eno mito crnogorskim zvani\u010dnicima. U pitanju je dokaz broj 68, koji se odnosi na mejl u kome je zapisnik sa sastanka koji je odr\u017ean 12. januara 2005.godine u Podgorici.<\/p>\n<p>Specijalni tu\u017eilac Milivoje Katni\u0107 je saop\u0161tio da se u ameri\u010dkim papirima o aferi \u201cTelekom\u201d pominje advokatica Ana \u0110ukanovi\u0107, sestra Mila \u0110ukanovi\u0107a, ali je odbio da ka\u017ee \u0161ta je tamo napisano.<\/p>\n","protected":false},"excerpt":{"rendered":"<p>Specijalni tu\u017eilac Milivoje Katni\u0107 je saop\u0161tio da se u ameri\u010dkim papirima o aferi \u201cTelekom\u201d pominje advokatica Ana \u0110ukanovi\u0107, sestra Mila \u0110ukanovi\u0107a, ali je odbio da ka\u017ee \u0161ta je tamo napisano.<\/p>\n","protected":false},"author":1,"featured_media":0,"comment_status":"open","ping_status":"closed","sticky":false,"template":"","format":"standard","meta":{"_seopress_robots_primary_cat":"","_seopress_titles_title":"","_seopress_titles_desc":"","_seopress_robots_index":"","_et_pb_use_builder":"","_et_pb_old_content":"","_et_gb_content_width":"","inline_featured_image":false,"footnotes":""},"categories":[14,12],"tags":[],"class_list":["post-261593","post","type-post","status-publish","format-standard","hentry","category-vijesti","category-prica-dana"],"_links":{"self":[{"href":"https:\/\/www.pcnen.com\/portal\/wp-json\/wp\/v2\/posts\/261593","targetHints":{"allow":["GET"]}}],"collection":[{"href":"https:\/\/www.pcnen.com\/portal\/wp-json\/wp\/v2\/posts"}],"about":[{"href":"https:\/\/www.pcnen.com\/portal\/wp-json\/wp\/v2\/types\/post"}],"author":[{"embeddable":true,"href":"https:\/\/www.pcnen.com\/portal\/wp-json\/wp\/v2\/users\/1"}],"replies":[{"embeddable":true,"href":"https:\/\/www.pcnen.com\/portal\/wp-json\/wp\/v2\/comments?post=261593"}],"version-history":[{"count":1,"href":"https:\/\/www.pcnen.com\/portal\/wp-json\/wp\/v2\/posts\/261593\/revisions"}],"predecessor-version":[{"id":326333,"href":"https:\/\/www.pcnen.com\/portal\/wp-json\/wp\/v2\/posts\/261593\/revisions\/326333"}],"wp:attachment":[{"href":"https:\/\/www.pcnen.com\/portal\/wp-json\/wp\/v2\/media?parent=261593"}],"wp:term":[{"taxonomy":"category","embeddable":true,"href":"https:\/\/www.pcnen.com\/portal\/wp-json\/wp\/v2\/categories?post=261593"},{"taxonomy":"post_tag","embeddable":true,"href":"https:\/\/www.pcnen.com\/portal\/wp-json\/wp\/v2\/tags?post=261593"}],"curies":[{"name":"wp","href":"https:\/\/api.w.org\/{rel}","templated":true}]}}