{"id":261572,"date":"2019-02-19T12:52:56","date_gmt":"2019-02-19T11:52:56","guid":{"rendered":"http:\/\/www.pcnen.com\/portal\/?p=261572"},"modified":"2019-02-19T12:52:56","modified_gmt":"2019-02-19T11:52:56","slug":"dacic-razgranicenje-zvanicni-predlog-srbije","status":"publish","type":"post","link":"https:\/\/www.pcnen.com\/portal\/2019\/02\/19\/dacic-razgranicenje-zvanicni-predlog-srbije\/","title":{"rendered":"Da\u010di\u0107: Razgrani\u010denje zvani\u010dni predlog Srbije"},"content":{"rendered":"<p><img loading=\"lazy\" decoding=\"async\" class=\"alignright size-full wp-image-209684\" src=\"http:\/\/www.pcnen.com\/portal\/wp-content\/uploads\/2016\/07\/kosovo-srbija-granica.jpg\" alt=\"\" width=\"300\" height=\"212\" \/>Ministar spoljnih poslova Srbije Ivica Da\u010dic\u0301 je izjavio da je razgrani\u010denje zvani\u010dni predlog Srbije za razrje\u0161enje kosovskog pitanja u dijalogu sa albanskom stranom, ali da jo\u0161 nije odre\u0111eno gdje bi bila linija razgrani\u010denja, prenosi N1.<\/p>\n<p>Albanska strana i dalje c\u0301uti na taj predlog, naveo je on.<\/p>\n<p>\u201cVa\u0161ington je najvi\u0161e zainteresovan da se nastavi dijalog Beograda i Pri\u0161tine, vi\u0161e nego Velika Britanija i Njema\u010dka\u201c, rekao je Da\u010dic\u0301, uz konstataciju da su SAD ranije imale stav da Srbija mora priznati nezavisnost Kosova.<\/p>\n","protected":false},"excerpt":{"rendered":"<p>Ministar spoljnih poslova Srbije Ivica Da\u010dic\u0301 je izjavio da je razgrani\u010denje zvani\u010dni predlog Srbije za razrje\u0161enje kosovskog pitanja u dijalogu sa albanskom stranom, ali da jo\u0161 nije odre\u0111eno gdje bi bila linija razgrani\u010denja, prenosi N1. Albanska strana i dalje c\u0301uti na taj predlog, naveo je on. \u201cVa\u0161ington je najvi\u0161e zainteresovan da se nastavi dijalog Beograda [&hellip;]<\/p>\n","protected":false},"author":1,"featured_media":0,"comment_status":"open","ping_status":"closed","sticky":false,"template":"","format":"standard","meta":{"_seopress_robots_primary_cat":"","_seopress_titles_title":"","_seopress_titles_desc":"","_seopress_robots_index":"","_et_pb_use_builder":"","_et_pb_old_content":"","_et_gb_content_width":"","inline_featured_image":false,"footnotes":""},"categories":[14,12],"tags":[],"class_list":["post-261572","post","type-post","status-publish","format-standard","hentry","category-vijesti","category-prica-dana"],"_links":{"self":[{"href":"https:\/\/www.pcnen.com\/portal\/wp-json\/wp\/v2\/posts\/261572","targetHints":{"allow":["GET"]}}],"collection":[{"href":"https:\/\/www.pcnen.com\/portal\/wp-json\/wp\/v2\/posts"}],"about":[{"href":"https:\/\/www.pcnen.com\/portal\/wp-json\/wp\/v2\/types\/post"}],"author":[{"embeddable":true,"href":"https:\/\/www.pcnen.com\/portal\/wp-json\/wp\/v2\/users\/1"}],"replies":[{"embeddable":true,"href":"https:\/\/www.pcnen.com\/portal\/wp-json\/wp\/v2\/comments?post=261572"}],"version-history":[{"count":0,"href":"https:\/\/www.pcnen.com\/portal\/wp-json\/wp\/v2\/posts\/261572\/revisions"}],"wp:attachment":[{"href":"https:\/\/www.pcnen.com\/portal\/wp-json\/wp\/v2\/media?parent=261572"}],"wp:term":[{"taxonomy":"category","embeddable":true,"href":"https:\/\/www.pcnen.com\/portal\/wp-json\/wp\/v2\/categories?post=261572"},{"taxonomy":"post_tag","embeddable":true,"href":"https:\/\/www.pcnen.com\/portal\/wp-json\/wp\/v2\/tags?post=261572"}],"curies":[{"name":"wp","href":"https:\/\/api.w.org\/{rel}","templated":true}]}}