{"id":261562,"date":"2019-02-19T09:51:01","date_gmt":"2019-02-19T08:51:01","guid":{"rendered":"http:\/\/www.pcnen.com\/portal\/?p=261562"},"modified":"2019-02-19T12:05:43","modified_gmt":"2019-02-19T11:05:43","slug":"ura-peticijom-poziva-na-bojkot-rtcg-a","status":"publish","type":"post","link":"https:\/\/www.pcnen.com\/portal\/2019\/02\/19\/ura-peticijom-poziva-na-bojkot-rtcg-a\/","title":{"rendered":"URA peticijom poziva na bojkot RTCG-a"},"content":{"rendered":"<p><img loading=\"lazy\" decoding=\"async\" class=\"alignright size-full wp-image-183506\" src=\"http:\/\/www.pcnen.com\/portal\/wp-content\/uploads\/2015\/06\/peticija.jpg\" alt=\"\" width=\"300\" height=\"168\" \/>Gra\u0111anski pokret URA je pozvao danas sve relevantne opozicione politi\u010dke subjekte, NVO, analiti\u010dare, stru\u010dnjake i sve subjekte u dru\u0161tvu da se bojkotom odrede prema aktuelnom programu Javnog servisa.<\/p>\n<p>\u201eTo podrazumijeva neu\u010destvovanje u programima RTCG-a, preciznije, nepojavljivanje u RTCG studiju, ni davanje izjava pred RTCG kamerama. I to sve do podno\u0161enja ostavki aktuelnog ure\u0111iva\u010dkog tima ili potpune promjene nakaradne i neprofesionalne ure\u0111iva\u010dke politike ovog medija\u201c, pi\u0161e u obja\u0161njenju peticije.<\/p>\n<p>Iz ove stranke pozivaju \u010dasne i profesionalne ljude u RTCG-u na bojkot svih zadataka koji dolaze od uredni\u0161tva a \u010dija je svrha propagandno djelovanje na gra\u0111ane, jer, kako ka\u017eu, znaju da u Javnom servisu ima profesionalaca i ljudi od struke.<\/p>\n<p>\u201eDignite svoj glas i poka\u017eite nepristajanje na ure\u0111iva\u010dku politiku koja ne mo\u017ee dugo trajati, jer je zasti\u0111e novinarskog poziva i ne\u0161to je \u0161to se nije moglo vidjeti i \u010duti ni u devedesetima\u201c, naveli su oni.<\/p>\n<p>Ka\u017eu da je nepristrasan, profesionalni i kvalitetni medijski javni servis jedne zemlje, kojeg finansiraju svi gra\u0111ani, mjerilo razvoja demokratije u jednom dru\u0161tvu.<\/p>\n<p>U obrazlo\u017eenju peticije stoji i sljede\u0107e:<\/p>\n<p>\u201eMi doljepotpisani, ne pristajemo na to da medijski javni servis Crne Gore (RTCG) bude u slu\u017ebi \u0161irenja propagande zarad o\u010duvanja trodecenijske vlasti jednog \u010dovjeka i jedne partije.<\/p>\n<p>-Ne pristajemo na to da medijski javni servis koji pla\u0107amo od na\u0161ega novca ure\u0111uju ljudi koji su biv\u0161i funkcioneri DPS-a ili njegovi otvoreni simpatizeri<\/p>\n<p>-Ne pristajemo da nam Dnevnik na\u0161eg medija li\u010di na Dnevnike zemalja pod diktaturom<\/p>\n<p>-Ne pristajemo na vrije\u0111anje zdravog razuma i inteligencije od strane ure\u0111iva\u010dkog tima RTCG-a<\/p>\n<p>-Ne pristajemo da RTCG svoje gra\u0111ane etiketira kao izdajnike dr\u017eave samo ako razli\u010dito misle od vladaju\u0107e elite<\/p>\n<p>-Ne pristajemo na fa\u0161isoidne stavove na RTCG-u u dru\u0161tvu u kojem je antifa\u0161izam najve\u0107a istorijska vrijednost<\/p>\n<p>&#8211; Ne pristajemo na la\u017ene analiti\u010dare, stru\u010dnjake i ljude iz mra\u010dnih devedesetih koji daju ocjene o procesima u dru\u0161tvu na Javnom servisu<\/p>\n<p>&#8211; Ne pristajemo na sje\u010du profesionalnih kadrova u RTCG-u, samo zbog toga \u0161to ne pristaju da budu oru\u0111e propagande\u201c<\/p>\n<p>Peticija se, kako navode iz URE, za sada mo\u017ee potpisati on line i <a href=\"https:\/\/www.ipetitions.com\/petition\/bojkot-programa-rtcg-a\">nalazi se na linku.<\/a><\/p>\n","protected":false},"excerpt":{"rendered":"<p>Gra\u0111anski pokret URA je pozvao danas sve relevantne opozicione politi\u010dke subjekte, NVO, analiti\u010dare, stru\u010dnjake i sve subjekte u dru\u0161tvu da se bojkotom odrede prema aktuelnom programu Javnog servisa. \u201eTo podrazumijeva neu\u010destvovanje u programima RTCG-a, preciznije, nepojavljivanje u RTCG studiju, ni davanje izjava pred RTCG kamerama. I to sve do podno\u0161enja ostavki aktuelnog ure\u0111iva\u010dkog tima ili [&hellip;]<\/p>\n","protected":false},"author":1,"featured_media":0,"comment_status":"open","ping_status":"closed","sticky":false,"template":"","format":"standard","meta":{"_seopress_robots_primary_cat":"","_seopress_titles_title":"","_seopress_titles_desc":"","_seopress_robots_index":"","_et_pb_use_builder":"","_et_pb_old_content":"","_et_gb_content_width":"","inline_featured_image":false,"footnotes":""},"categories":[14,12],"tags":[],"class_list":["post-261562","post","type-post","status-publish","format-standard","hentry","category-vijesti","category-prica-dana"],"_links":{"self":[{"href":"https:\/\/www.pcnen.com\/portal\/wp-json\/wp\/v2\/posts\/261562","targetHints":{"allow":["GET"]}}],"collection":[{"href":"https:\/\/www.pcnen.com\/portal\/wp-json\/wp\/v2\/posts"}],"about":[{"href":"https:\/\/www.pcnen.com\/portal\/wp-json\/wp\/v2\/types\/post"}],"author":[{"embeddable":true,"href":"https:\/\/www.pcnen.com\/portal\/wp-json\/wp\/v2\/users\/1"}],"replies":[{"embeddable":true,"href":"https:\/\/www.pcnen.com\/portal\/wp-json\/wp\/v2\/comments?post=261562"}],"version-history":[{"count":0,"href":"https:\/\/www.pcnen.com\/portal\/wp-json\/wp\/v2\/posts\/261562\/revisions"}],"wp:attachment":[{"href":"https:\/\/www.pcnen.com\/portal\/wp-json\/wp\/v2\/media?parent=261562"}],"wp:term":[{"taxonomy":"category","embeddable":true,"href":"https:\/\/www.pcnen.com\/portal\/wp-json\/wp\/v2\/categories?post=261562"},{"taxonomy":"post_tag","embeddable":true,"href":"https:\/\/www.pcnen.com\/portal\/wp-json\/wp\/v2\/tags?post=261562"}],"curies":[{"name":"wp","href":"https:\/\/api.w.org\/{rel}","templated":true}]}}