{"id":261500,"date":"2019-02-18T09:57:16","date_gmt":"2019-02-18T08:57:16","guid":{"rendered":"http:\/\/www.pcnen.com\/portal\/?p=261500"},"modified":"2019-02-18T11:49:09","modified_gmt":"2019-02-18T10:49:09","slug":"dan-svaka-treca-zrtva-porodicnog-nasilja-je-dijete","status":"publish","type":"post","link":"https:\/\/www.pcnen.com\/portal\/2019\/02\/18\/dan-svaka-treca-zrtva-porodicnog-nasilja-je-dijete\/","title":{"rendered":"Dan: Svaka tre\u0107a \u017ertva porodi\u010dnog nasilja je dijete"},"content":{"rendered":"<p><img loading=\"lazy\" decoding=\"async\" src=\"http:\/\/www.pcnen.com\/portal\/wp-content\/uploads\/2011\/12\/nasilje-nad-djecom-e1550480222967.jpg\" alt=\"\" width=\"300\" height=\"199\" class=\"alignright size-full wp-image-69803\" \/>U porodi\u010dnom nasilju u Crnoj Gori svaka tre\u0107a \u017ertva je dijete, pokazuju podaci dr\u017eavnih institucija, pi\u0161e Dan.<\/p>\n<p>Statisti\u010dki podaci centara za socijalni rad o prijavljenim slu\u010dajevima nasilja u porodici pokazuju da su od ukupnog broja \u017ertava -1.236, njih 367 bila djeca.<\/p>\n<p>Iz institucije Za\u0161titnika ljudskih prava i osnovnih sloboda ukazali su da je za za\u0161titu djece od svih oblika nasilja neophodna pravovremena i adekvatna za\u0161tita od strane relevantnih dr\u017eavnih organa koji su u obavezi da takvu za\u0161titu pru\u017ee.<\/p>\n<p>&#8220;Iz tog razloga je donijeta i Strategija za prevenciju i za\u0161titu djece od nasilja 2017-2021. Rezultati implementacije strategije, nakon godinu dana sprovo\u0111enja planiranih aktivnosti, ukazuju da je broj prijava djece \u017ertava nasilja centrima za socijalni rad izme\u0111u 2016. i 2017. godine pove\u0107an za 20 odsto, dok je broj prijava za zanemarivanje djece pove\u0107an za 39 odsto&#8221;, upozoreno je iz institucije Za\u0161titnika u izvje\u0161taju \u201cMentalno zdravlje djece\u201c.<\/p>\n<p>Podaci Ministarstva za ljudska i manjinska prava o slu\u010dajevima nasilja nad \u017eenama i nasilja u porodici za 2017. godinu, koji su prikupljeni iz vi\u0161e dr\u017eavnih resora, pokazuju da je u 1.366 zavr\u0161enih predmeta sudova za prekr\u0161aje, ukupno bilo 1.588 razli\u010ditih \u017ertava nasilja, od \u010dega su 1.451 ili 91,37 odsto punoljetna lica, i 137 ili 8,63 odsto maloljetna lica.<\/p>\n","protected":false},"excerpt":{"rendered":"<p>U porodi\u010dnom nasilju u Crnoj Gori svaka tre\u0107a \u017ertva je dijete, pokazuju podaci dr\u017eavnih institucija, pi\u0161e Dan. Statisti\u010dki podaci centara za socijalni rad o prijavljenim slu\u010dajevima nasilja u porodici pokazuju da su od ukupnog broja \u017ertava -1.236, njih 367 bila djeca. Iz institucije Za\u0161titnika ljudskih prava i osnovnih sloboda ukazali su da je za za\u0161titu [&hellip;]<\/p>\n","protected":false},"author":1,"featured_media":0,"comment_status":"open","ping_status":"closed","sticky":false,"template":"","format":"standard","meta":{"_seopress_robots_primary_cat":"","_seopress_titles_title":"","_seopress_titles_desc":"","_seopress_robots_index":"","_et_pb_use_builder":"","_et_pb_old_content":"","_et_gb_content_width":"","inline_featured_image":false,"footnotes":""},"categories":[14,12],"tags":[],"class_list":["post-261500","post","type-post","status-publish","format-standard","hentry","category-vijesti","category-prica-dana"],"_links":{"self":[{"href":"https:\/\/www.pcnen.com\/portal\/wp-json\/wp\/v2\/posts\/261500","targetHints":{"allow":["GET"]}}],"collection":[{"href":"https:\/\/www.pcnen.com\/portal\/wp-json\/wp\/v2\/posts"}],"about":[{"href":"https:\/\/www.pcnen.com\/portal\/wp-json\/wp\/v2\/types\/post"}],"author":[{"embeddable":true,"href":"https:\/\/www.pcnen.com\/portal\/wp-json\/wp\/v2\/users\/1"}],"replies":[{"embeddable":true,"href":"https:\/\/www.pcnen.com\/portal\/wp-json\/wp\/v2\/comments?post=261500"}],"version-history":[{"count":0,"href":"https:\/\/www.pcnen.com\/portal\/wp-json\/wp\/v2\/posts\/261500\/revisions"}],"wp:attachment":[{"href":"https:\/\/www.pcnen.com\/portal\/wp-json\/wp\/v2\/media?parent=261500"}],"wp:term":[{"taxonomy":"category","embeddable":true,"href":"https:\/\/www.pcnen.com\/portal\/wp-json\/wp\/v2\/categories?post=261500"},{"taxonomy":"post_tag","embeddable":true,"href":"https:\/\/www.pcnen.com\/portal\/wp-json\/wp\/v2\/tags?post=261500"}],"curies":[{"name":"wp","href":"https:\/\/api.w.org\/{rel}","templated":true}]}}