{"id":261466,"date":"2019-02-17T13:51:29","date_gmt":"2019-02-17T12:51:29","guid":{"rendered":"http:\/\/www.pcnen.com\/portal\/?p=261466"},"modified":"2019-02-17T13:51:29","modified_gmt":"2019-02-17T12:51:29","slug":"bar-vise-od-hiljadu-ljudi-na-protestu","status":"publish","type":"post","link":"https:\/\/www.pcnen.com\/portal\/2019\/02\/17\/bar-vise-od-hiljadu-ljudi-na-protestu\/","title":{"rendered":"Bar: Vi\u0161e od hiljadu ljudi na protestu"},"content":{"rendered":"<p><div id=\"attachment_259823\" style=\"width: 310px\" class=\"wp-caption alignright\"><img loading=\"lazy\" decoding=\"async\" aria-describedby=\"caption-attachment-259823\" src=\"http:\/\/www.pcnen.com\/portal\/wp-content\/uploads\/2019\/01\/cempresi-bar.jpg\" alt=\"\" width=\"300\" height=\"176\" class=\"size-full wp-image-259823\" srcset=\"https:\/\/www.pcnen.com\/portal\/wp-content\/uploads\/2019\/01\/cempresi-bar.jpg 300w, https:\/\/www.pcnen.com\/portal\/wp-content\/uploads\/2019\/01\/cempresi-bar-235x138.jpg 235w, https:\/\/www.pcnen.com\/portal\/wp-content\/uploads\/2019\/01\/cempresi-bar-75x44.jpg 75w, https:\/\/www.pcnen.com\/portal\/wp-content\/uploads\/2019\/01\/cempresi-bar-220x129.jpg 220w\" sizes=\"(max-width: 300px) 100vw, 300px\" \/><p id=\"caption-attachment-259823\" class=\"wp-caption-text\">Foto: Jedro.com<\/p><\/div>Vi\u0161e od hiljadu ljudi okupilo se danas u Baru u znak protesta zbog sje\u010de stabala \u010dempresa i izgradnje vrti\u0107a u dvori\u0161tu Gimnazije.<\/p>\n<p>Danas je mjesec dana <a href=\"http:\/\/www.pcnen.com\/portal\/2019\/01\/17\/pocelo-ubijanje-cempresa-u-baru\/\">od sje\u010de vi\u0161e od 90 starih stabala \u010dempresa<\/a>.<\/p>\n<p>&#8220;Ne protestuju gra\u0111ani sto im je dosadno, ve\u0107 da iska\u017eu nezadovoljstvo zbog uni\u0161tavanja onog \u0161to su generacije gradile. Ka\u017eu da smu uba\u010deni element&#8230; Jesmo, nismo mi ni voda ni vazduh nii zemlja, mi smo \u010dempresi!&#8221;, poru\u010dila je gra\u0111anka Tamara \u0110uranovi\u0107. <\/p>\n","protected":false},"excerpt":{"rendered":"<p>Vi\u0161e od hiljadu ljudi okupilo se danas u Baru u znak protesta zbog sje\u010de stabala \u010dempresa i izgradnje vrti\u0107a u dvori\u0161tu Gimnazije. Danas je mjesec dana od sje\u010de vi\u0161e od 90 starih stabala \u010dempresa. &#8220;Ne protestuju gra\u0111ani sto im je dosadno, ve\u0107 da iska\u017eu nezadovoljstvo zbog uni\u0161tavanja onog \u0161to su generacije gradile. Ka\u017eu da smu [&hellip;]<\/p>\n","protected":false},"author":1,"featured_media":259823,"comment_status":"open","ping_status":"closed","sticky":false,"template":"","format":"standard","meta":{"_seopress_robots_primary_cat":"","_seopress_titles_title":"","_seopress_titles_desc":"","_seopress_robots_index":"","_et_pb_use_builder":"","_et_pb_old_content":"","_et_gb_content_width":"","inline_featured_image":false,"footnotes":""},"categories":[14,12],"tags":[],"class_list":["post-261466","post","type-post","status-publish","format-standard","has-post-thumbnail","hentry","category-vijesti","category-prica-dana"],"_links":{"self":[{"href":"https:\/\/www.pcnen.com\/portal\/wp-json\/wp\/v2\/posts\/261466","targetHints":{"allow":["GET"]}}],"collection":[{"href":"https:\/\/www.pcnen.com\/portal\/wp-json\/wp\/v2\/posts"}],"about":[{"href":"https:\/\/www.pcnen.com\/portal\/wp-json\/wp\/v2\/types\/post"}],"author":[{"embeddable":true,"href":"https:\/\/www.pcnen.com\/portal\/wp-json\/wp\/v2\/users\/1"}],"replies":[{"embeddable":true,"href":"https:\/\/www.pcnen.com\/portal\/wp-json\/wp\/v2\/comments?post=261466"}],"version-history":[{"count":0,"href":"https:\/\/www.pcnen.com\/portal\/wp-json\/wp\/v2\/posts\/261466\/revisions"}],"wp:featuredmedia":[{"embeddable":true,"href":"https:\/\/www.pcnen.com\/portal\/wp-json\/wp\/v2\/media\/259823"}],"wp:attachment":[{"href":"https:\/\/www.pcnen.com\/portal\/wp-json\/wp\/v2\/media?parent=261466"}],"wp:term":[{"taxonomy":"category","embeddable":true,"href":"https:\/\/www.pcnen.com\/portal\/wp-json\/wp\/v2\/categories?post=261466"},{"taxonomy":"post_tag","embeddable":true,"href":"https:\/\/www.pcnen.com\/portal\/wp-json\/wp\/v2\/tags?post=261466"}],"curies":[{"name":"wp","href":"https:\/\/api.w.org\/{rel}","templated":true}]}}