{"id":261434,"date":"2019-02-17T07:11:39","date_gmt":"2019-02-17T06:11:39","guid":{"rendered":"http:\/\/www.pcnen.com\/portal\/?p=261434"},"modified":"2019-02-17T07:20:49","modified_gmt":"2019-02-17T06:20:49","slug":"neka-liderima-demona","status":"publish","type":"post","link":"https:\/\/www.pcnen.com\/portal\/2019\/02\/17\/neka-liderima-demona\/","title":{"rendered":"Neka liderima demona"},"content":{"rendered":"<p><strong>Pi\u0161e: Zlatko Dizdarevi\u0107<\/strong><\/p>\n<p><img loading=\"lazy\" decoding=\"async\" class=\"alignright size-full wp-image-180389\" src=\"http:\/\/www.pcnen.com\/portal\/wp-content\/uploads\/2015\/05\/zlatko-dizdarevic-e1488180017381.jpg\" alt=\"\" width=\"298\" height=\"220\" \/>Treba ba\u0161 imati \u010deli\u010dne \u017eivce, biti beskrajno tolerantan i strpljiv, vaspitan i merhametli pa ne pomisliti da te neko odande iz Evropskog parlamenta u Strazburu ne pravi blesavim \u2013 mo\u017eda samo onako, a mo\u017eda i namjerno i pakosno \u2013 dok \u010dita\u0161 ono \u0161to je objavljeno pod imenom &#8220;Rezolucija o evropskim integracijama Bosne i Hercegovine&#8221;. Usvojena je minulog utorka u pomenutom parlamentu. Na stranu gomila nesuvislih i blijedih, neobavezuju\u0107ih pojmova koji nemaju adresu, poput &#8220;zabrinuti&#8221;, &#8220;\u017eale&#8221;, &#8220;smatraju&#8221;, &#8220;upozoravaju&#8221;, &#8220;pozdravljaju&#8221; itd. Sve to u tekstu kojim se nakon bezmalo trideset godina od rata bave razvalinama ne\u010dega \u0161to ve\u0107 i slijepac prepoznaje kao projekat odr\u017eavanog neuspjeha. Fascinira u svemu nje\u017eno povjerenje u &#8220;lidere koji moraju da se posvete narodu&#8221; mada jako dobro znaju o kojim se i kakvim &#8220;liderima&#8221; radi i kome se oni osim sebi &#8220;posve\u0107uju&#8221;. Narodu svako ne. Osim onda kada taj narod treba izmanipulisati, iscijediti, prevariti, zavesti, popaliti, natjerati na mr\u017enju a sutra, ako zatreba, gurnuti i u novi rat.<\/p>\n<p>&#8220;Projekat BiH&#8221; u me\u0111uvremenu se valja i dalje, uz donedavne ocjene o &#8220;impresivnom reformskom napretku na evropskom putu&#8221; kada se za tu &#8220;impresivnost&#8221; nekome u Briselu ili Strazburu valjda upisivao nekakav bonus. Sada, kao odjednom eno ih duboko zabrinute za dalji evropski put BiH. Jer, eto &#8220;ponovo demona pro\u0161losti!&#8221; Onih protiv kojih su i oni predano i &#8220;reformski&#8221; radili sve ove godine, a ne\u0161to im izgleda promaklo i odjednom panika. Bi\u0107e novi pozivi liderima.<\/p>\n<p>Gospodo draga, nije rije\u010d o demonima pro\u0161losti, ve\u0107 o demonima koji nisu nikuda odlazili od pro\u0161losti do sada. Sa nama ovakvima i vama takvima, u pratnji \u0107e oni i u budu\u0107nost. Do sada je to bio samo biznis i doma\u0107i i inostrani pa da ih se ne dira, ve\u0107 samo uporno ispotiha hrani kako bi opstajali i rasli, jer bez njih nema uspjeha ni &#8220;politi\u010dkim podjelama&#8221; ni &#8220;polarizaciji na etni\u010dkim linijama&#8221; koje ste vidim iznenada otkrili. Svaka \u010dast ! Pa mo\u017ee li uop\u0161te iko ozbiljan shvatiti da nije \u0161prdnja da ti neko ka\u017ee ozbiljno, uvjeren da je golemu tajnu otkrio, kako su se, zamislite ovdje u jadnoj Bosni i Hercegovini, &#8220;pojavile politi\u010dke podjele i polarizacija&#8230;&#8221; Ima li ikog \u017eivog tamo da im ka\u017ee ako ba\u0161 ne znaju (a ako znaju pa nam ovo kazuju kao otkri\u0107e, onda nemam rije\u010di za toliko nipoda\u0161tavanje) da su politi\u010dke podjele i polarizacija na &#8220;etni\u010dkim linijama&#8221; notorni projekat, plan, strategija, uz ud\u017ebenike kako ih odr\u017eati u okru\u017eenju samo sa svojima. Uz razra\u0111ene tehnike kako se preta\u010de iz ogromne kese koja je bila ozbiljna dr\u017eava, u hiljade manjih ali impresivnih kesa pojedinaca i grupa \u0161to radi toga moraju ostati na vlasti. Spram mrtve glave.<\/p>\n<p>Otkriva izvje\u0161ta\u010d za BiH u Evropskom parlamentu Dan Preda u predstavljanju Rezolucije i da je napredak ovdje mogu\u0107, &#8220;samo ako se politi\u010dke elite odreknu politi\u010dkih igara i prestanu koristiti mr\u017enju.&#8221; Ne razumijem, jer ne smijem ni pomisliti da je neko tamo, u Strazburu ne daj bo\u017ee toliko naivan, ili pametan a bezobrazan, pa ne zna da je ovakav poziv mimo ama ba\u0161 svake logike. Odnosno vjerovanje da \u0107e mudre &#8220;politi\u010dke elite&#8221; svjesno, ciljano, organizovano i uspje\u0161no proizvoditi mr\u017enju da bi zavadile pa vladale (stara nau\u010dna), a onda se odricale tih &#8220;politi\u010dkih igara&#8221; koje se zovu kori\u0161tenje mr\u017enje kao uspjeha, e da bi drugome bilo bolje nego njima&#8230;<\/p>\n<p>Naprosto bi trebalo mnogo vi\u0161e \u017eivaca pa op\u0161irnije pomenuti ovdje i Johanesa Hana, komesara za pro\u0161irenje, veoma \u010destog gosta Sarajevu godinama, i jednog od promotora one fascinantne fraze o &#8220;impresivnim reformskim rezultatima&#8221; koliko ju\u010der, a koji sada dodaje da i on eto \u017eeli vidjeti &#8220;nepovratan napredak BiH ka EU&#8221;. Sa kim? Sa onima sa kojima treba odmah formirati efikasnu vlast. A kada ih vlast sve u tren pomiri onda \u0107e na posao. Kakav? Pa valjda onaj isti na kojem su vladali decenijama i do sada. Sa kakvim u\u010dinkom? Pa onim koji je probudio &#8220;demone pro\u0161losti&#8221;.<\/p>\n<p>I dalje ne znam ko je ovdje lud, a ko zlo\u010dest pa jo\u0161 i zafrkava (pristojnost mi popu\u0161ta). \u010citam iz Rezolucije: &#8230;Izra\u017eava se zabrinutost zbog rasprostranjene korupcije u BiH&#8230;a slab je i neadekvatan pravni i institucionalni okvir za borbu protiv sistemske korupcije&#8230;Ispade otkrivanje Amerike korupcija u BiH koja je odavno pojela kompletan sistem ali, pitanje mudracima iz Strazbura \u2013 \u0161ta \u0107emo sa do \u0161prdnje razvijenim kupovinama raznih diploma na sve strane, uz dugogodi\u0161nje osmatranje te zabave i iz EU ureda ovdje. Uklju\u010duju\u0107i i hladne konstatacije tu\u017eila\u0161tava, sudova pa i do nedavno policije kako &#8220;to nije u njihovoj nadle\u017enosti&#8221;. Aktivnim i \u0161utljivim pokroviteljima korupcije sa kojima se i drugovalo, kao i sa ovda\u0161njim &#8220;liderima politi\u010dkih podjela&#8221;, moglo se ponekad i pone\u0161to grublje i preciznije adresirano poru\u010diti tim povodom. Ili bar konkretnije podr\u017eati one koji bi to mogli podi\u0107i na potreban nivo javnog &#8220;talasanja&#8221;. No, kredo &#8220;evropljana&#8221; je stabilokracija koja vi\u0161e od svega mrzi dizanje tenzija u narodu. Korupcija ba\u0161 i ne ru\u0161i dr\u017eave direktno, ali otvorena borba protiv nje mo\u017ee se oteti kontroli a to se ne voli. \u0160ta ima veze \u0161to se legalizacijom la\u017enih diploma iz sistema smi\u0161ljeno ispumpavalo znanje, pamet i struka \u0161to odo\u0161e u nepovrat.<\/p>\n<p>U Rezoluciji koja govori o demonima, normalan \u010dovjek ne\u0107e vjerovati, ka\u017ee se kako &#8220;Evropski parlamentarci smatraju da BiH i dalje kr\u0161i Evropsku konvenciju o ljudskim pravima u predmetu Sejdi\u0107-Finci&#8221;. Ma nije valjda. Malo kasnije se &#8220;izra\u017eava \u017ealjenje zbog \u010dinjenice da vlasti na svim nivoima i dalje ignori\u0161u ili odbijaju odluke pravosu\u0111a te da time ozbiljno osporavaju vladavinu oprava&#8221;. A u Strazburu se o\u010digledno nikoga vi\u0161e ne ti\u010de ovda\u0161nje uporno odbijanje da se provede i obavezuju\u0107a odluka Evropskog suda za ljudska prava u predmetu Sejdi\u0107-Finci, done\u0161ena jo\u0161 22. decembra 2009. godine ! Pa ni\u0161ta, osim odavde od \u0161ake do lakta evo deset godina i Parlamentu u Strazburu i tamo\u0161njem sudu i kobajagi uslovljavanjima da je realizacija te presude uslov nama za ovo ili za ono.<\/p>\n<p>Ukratko, vide li pisci Rezolucije da &#8220;lidere&#8221; ovdje boli dupe za EU, ili jo\u0161 preciznije, da oni &#8220;u Evropu&#8221; ne\u0107e jer je to tamo obaveza da se pogledne prema institucijama, zakonu, sistemu, procedurama, obavezama. A samo mrva od svega toga prevedena u stvarni \u017eivot, njih odvede podaleko od beskrajne sre\u0107e i rahatluka oko sebe. Mnoge i u zatvor.<\/p>\n<p>Otud su, gospodo parlamentarci demoni ovdje \u010disti dobitak i sre\u0107a za one koje zovete liderima. Ovdje ih, uglavnom, zovu druga\u010dije. Uz njih idu strah, mr\u017enja, podjele, ponovo glasanje za tor u kojem se zna ko ima. Ima tu i za one koji pi\u0161u rezolucije, osmatraju unaokolo, slu\u0161aju &#8220;lidere&#8221;. I tako decenijama. Sve do jednom kada nas nikakva rezolucija, pristojna ili nepristojna ne\u0107e spasiti.<\/p>\n<p>Tada \u0107e i uzgojeni demoni biti drugi i druga\u010diji.<\/p>\n<p><a href=\"https:\/\/interview.ba\/kolumne\/item\/15944-b-iz-corsokaka-zlatko-dizdarevic-b-neka-liderima-demona?fbclid=IwAR2CVFwYT3_ReM7dzKzAOUDY-LgOAniecCFvBdgln-zMPybEC7msrOP2fnM\">interview.ba<\/a><\/p>\n","protected":false},"excerpt":{"rendered":"<p>&#8220;Lidere&#8221; ovdje boli dupe za EU, ili jo\u0161 preciznije, da oni &#8220;u Evropu&#8221; ne\u0107e <\/p>\n","protected":false},"author":1,"featured_media":0,"comment_status":"open","ping_status":"closed","sticky":false,"template":"","format":"standard","meta":{"_seopress_robots_primary_cat":"","_seopress_titles_title":"","_seopress_titles_desc":"","_seopress_robots_index":"","_et_pb_use_builder":"","_et_pb_old_content":"","_et_gb_content_width":"","inline_featured_image":false,"footnotes":""},"categories":[5],"tags":[],"class_list":["post-261434","post","type-post","status-publish","format-standard","hentry","category-drugi-pisu"],"_links":{"self":[{"href":"https:\/\/www.pcnen.com\/portal\/wp-json\/wp\/v2\/posts\/261434","targetHints":{"allow":["GET"]}}],"collection":[{"href":"https:\/\/www.pcnen.com\/portal\/wp-json\/wp\/v2\/posts"}],"about":[{"href":"https:\/\/www.pcnen.com\/portal\/wp-json\/wp\/v2\/types\/post"}],"author":[{"embeddable":true,"href":"https:\/\/www.pcnen.com\/portal\/wp-json\/wp\/v2\/users\/1"}],"replies":[{"embeddable":true,"href":"https:\/\/www.pcnen.com\/portal\/wp-json\/wp\/v2\/comments?post=261434"}],"version-history":[{"count":0,"href":"https:\/\/www.pcnen.com\/portal\/wp-json\/wp\/v2\/posts\/261434\/revisions"}],"wp:attachment":[{"href":"https:\/\/www.pcnen.com\/portal\/wp-json\/wp\/v2\/media?parent=261434"}],"wp:term":[{"taxonomy":"category","embeddable":true,"href":"https:\/\/www.pcnen.com\/portal\/wp-json\/wp\/v2\/categories?post=261434"},{"taxonomy":"post_tag","embeddable":true,"href":"https:\/\/www.pcnen.com\/portal\/wp-json\/wp\/v2\/tags?post=261434"}],"curies":[{"name":"wp","href":"https:\/\/api.w.org\/{rel}","templated":true}]}}