{"id":261425,"date":"2019-02-16T20:20:21","date_gmt":"2019-02-16T19:20:21","guid":{"rendered":"http:\/\/www.pcnen.com\/portal\/?p=261425"},"modified":"2019-02-16T20:22:11","modified_gmt":"2019-02-16T19:22:11","slug":"atleticarka-vukovic-vicesampionka-balkana","status":"publish","type":"post","link":"https:\/\/www.pcnen.com\/portal\/2019\/02\/16\/atleticarka-vukovic-vicesampionka-balkana\/","title":{"rendered":"Atleti\u010darka Vukovi\u0107 vice\u0161ampionka Balkana"},"content":{"rendered":"<p><img loading=\"lazy\" decoding=\"async\" src=\"http:\/\/www.pcnen.com\/portal\/wp-content\/uploads\/2015\/02\/MarijaVukovic-e1550344804449.jpg\" alt=\"\" width=\"300\" height=\"200\" class=\"alignright size-full wp-image-172994\" \/>Crnogorska skaka\u010dica u vis Marija Vukovi\u0107 osvojila je srebrnu medalju na dvoranskom prvenstvu Balkana u Istanbulu i postavila novi nacionalni rekord.<\/p>\n<p>Do srebrnog odli\u010dja do\u0161la je skokom od 192 centimetra.<\/p>\n<p>To je za dva centimetra bolji rezultat od njenog li\u010dnog i crnogorskog rekorda u dvorani, prenosi Mina.<\/p>\n<p>Crnogorski desetobojac Darko Pe\u0161i\u0107 bio je \u010detvrti u disciplini 60 metara sa preponama (8,16),dok je Ljiljana Matovi\u0107 osvojila deveto mjesto u disciplini skok u dalj sa rezultatom 5,60 metara.<\/p>\n","protected":false},"excerpt":{"rendered":"<p>Crnogorska skaka\u010dica u vis Marija Vukovi\u0107 osvojila je srebrnu medalju na dvoranskom prvenstvu Balkana u Istanbulu i postavila novi nacionalni rekord. Do srebrnog odli\u010dja do\u0161la je skokom od 192 centimetra. To je za dva centimetra bolji rezultat od njenog li\u010dnog i crnogorskog rekorda u dvorani, prenosi Mina. Crnogorski desetobojac Darko Pe\u0161i\u0107 bio je \u010detvrti u [&hellip;]<\/p>\n","protected":false},"author":1,"featured_media":0,"comment_status":"open","ping_status":"closed","sticky":false,"template":"","format":"standard","meta":{"_seopress_robots_primary_cat":"","_seopress_titles_title":"","_seopress_titles_desc":"","_seopress_robots_index":"","_et_pb_use_builder":"","_et_pb_old_content":"","_et_gb_content_width":"","inline_featured_image":false,"footnotes":""},"categories":[14,12],"tags":[],"class_list":["post-261425","post","type-post","status-publish","format-standard","hentry","category-vijesti","category-prica-dana"],"_links":{"self":[{"href":"https:\/\/www.pcnen.com\/portal\/wp-json\/wp\/v2\/posts\/261425","targetHints":{"allow":["GET"]}}],"collection":[{"href":"https:\/\/www.pcnen.com\/portal\/wp-json\/wp\/v2\/posts"}],"about":[{"href":"https:\/\/www.pcnen.com\/portal\/wp-json\/wp\/v2\/types\/post"}],"author":[{"embeddable":true,"href":"https:\/\/www.pcnen.com\/portal\/wp-json\/wp\/v2\/users\/1"}],"replies":[{"embeddable":true,"href":"https:\/\/www.pcnen.com\/portal\/wp-json\/wp\/v2\/comments?post=261425"}],"version-history":[{"count":0,"href":"https:\/\/www.pcnen.com\/portal\/wp-json\/wp\/v2\/posts\/261425\/revisions"}],"wp:attachment":[{"href":"https:\/\/www.pcnen.com\/portal\/wp-json\/wp\/v2\/media?parent=261425"}],"wp:term":[{"taxonomy":"category","embeddable":true,"href":"https:\/\/www.pcnen.com\/portal\/wp-json\/wp\/v2\/categories?post=261425"},{"taxonomy":"post_tag","embeddable":true,"href":"https:\/\/www.pcnen.com\/portal\/wp-json\/wp\/v2\/tags?post=261425"}],"curies":[{"name":"wp","href":"https:\/\/api.w.org\/{rel}","templated":true}]}}