{"id":261399,"date":"2019-02-16T11:17:29","date_gmt":"2019-02-16T10:17:29","guid":{"rendered":"http:\/\/www.pcnen.com\/portal\/?p=261399"},"modified":"2019-02-16T11:18:11","modified_gmt":"2019-02-16T10:18:11","slug":"najnize-plate-u-regionu-ima-crna-gora","status":"publish","type":"post","link":"https:\/\/www.pcnen.com\/portal\/2019\/02\/16\/najnize-plate-u-regionu-ima-crna-gora\/","title":{"rendered":"Najni\u017ee plate u regionu ima Crna Gora"},"content":{"rendered":"<p><img loading=\"lazy\" decoding=\"async\" src=\"http:\/\/www.pcnen.com\/portal\/wp-content\/uploads\/2012\/07\/euro-e1546001660619.jpg\" alt=\"\" width=\"300\" height=\"282\" class=\"alignright size-full wp-image-88132\" \/>Minimalna plata u regionu najni\u017ea je u Crnoj Gori \u2013 193 eura i \u0161est puta je manja nego u Njema\u010dkoj.<\/p>\n<p>Sli\u010dan je i u Sjevernoj Makedonij \u2013 195 eura. U Bosni i Hercegovini, prema zvani\u010dnoj statistici, minimalna plata iznosi 208 eura; ne\u0161to vi\u0161a je u entitetu Republika Srpska \u2013 oko 230 eura.<\/p>\n<p>U Hrvatskoj 405 eura, u Sloveniji 667 eura. Ovi iznosi su gotovo \u0161est puta ni\u017ei od iznosa njema\u010dkog minimalca i \u010dak 14 puta od \u0161vajcarskog, <a href=\"http:\/\/balkans.aljazeera.net\/vijesti\/mapa-minimalci-u-evropi-i-regiji?fbclid=IwAR2dpcH9QJXxlr-5i8nryi0j-loBKIYyfta5R8kl7DUWKDj0b7dt-JuUgP0\">prenosi Al Jazeera. <\/a><br \/>\nMinimalac u Srbiji iznosi 231 euro.<\/p>\n<p>Iako je u Bosni i Hercegovini, Srbiji i Sjevernoj Makedoniji ve\u0107i iznos minimalne plate nego u Crnoj Gori, zvani\u010dne prosje\u010dne plate u ovim dr\u017eavama su manje.<\/p>\n<p>U Hrvatskoj minimalna plata iznosi 405 eura, a u Sloveniji 667 eura.<\/p>\n<p>Iznos zakonom propisane minimalne plate u evropskim zemljama se zna\u010dajno razlikuje.<\/p>\n<p>Minimalac u \u0160vajcarskoj, koja nije \u010dlanica Europske unije, iznosi 2.709 eura i gotovo je 12 puta ve\u0107i od minimalca u Bugarskoj, \u010dlanici EU-a, 222 eura.<\/p>\n<p>Najni\u017ei minimalci su u isto\u010dnoeuropskim dr\u017eavama \u2013 u Moldaviji minimalna plata iznosi 105 eura, Belorusiji 115 eura, Ukrajini 118 eura i Rusiji 124 eura.<\/p>\n","protected":false},"excerpt":{"rendered":"<p>Minimalna plata u regionu najni\u017ea je u Crnoj Gori \u2013 193 eura i \u0161est puta je manja nego u Njema\u010dkoj. Sli\u010dan je i u Sjevernoj Makedonij \u2013 195 eura. U Bosni i Hercegovini, prema zvani\u010dnoj statistici, minimalna plata iznosi 208 eura; ne\u0161to vi\u0161a je u entitetu Republika Srpska \u2013 oko 230 eura. U Hrvatskoj 405 [&hellip;]<\/p>\n","protected":false},"author":1,"featured_media":0,"comment_status":"open","ping_status":"closed","sticky":false,"template":"","format":"standard","meta":{"_seopress_robots_primary_cat":"","_seopress_titles_title":"","_seopress_titles_desc":"","_seopress_robots_index":"","_et_pb_use_builder":"","_et_pb_old_content":"","_et_gb_content_width":"","inline_featured_image":false,"footnotes":""},"categories":[14,12],"tags":[],"class_list":["post-261399","post","type-post","status-publish","format-standard","hentry","category-vijesti","category-prica-dana"],"_links":{"self":[{"href":"https:\/\/www.pcnen.com\/portal\/wp-json\/wp\/v2\/posts\/261399","targetHints":{"allow":["GET"]}}],"collection":[{"href":"https:\/\/www.pcnen.com\/portal\/wp-json\/wp\/v2\/posts"}],"about":[{"href":"https:\/\/www.pcnen.com\/portal\/wp-json\/wp\/v2\/types\/post"}],"author":[{"embeddable":true,"href":"https:\/\/www.pcnen.com\/portal\/wp-json\/wp\/v2\/users\/1"}],"replies":[{"embeddable":true,"href":"https:\/\/www.pcnen.com\/portal\/wp-json\/wp\/v2\/comments?post=261399"}],"version-history":[{"count":0,"href":"https:\/\/www.pcnen.com\/portal\/wp-json\/wp\/v2\/posts\/261399\/revisions"}],"wp:attachment":[{"href":"https:\/\/www.pcnen.com\/portal\/wp-json\/wp\/v2\/media?parent=261399"}],"wp:term":[{"taxonomy":"category","embeddable":true,"href":"https:\/\/www.pcnen.com\/portal\/wp-json\/wp\/v2\/categories?post=261399"},{"taxonomy":"post_tag","embeddable":true,"href":"https:\/\/www.pcnen.com\/portal\/wp-json\/wp\/v2\/tags?post=261399"}],"curies":[{"name":"wp","href":"https:\/\/api.w.org\/{rel}","templated":true}]}}