{"id":261369,"date":"2019-02-15T20:11:13","date_gmt":"2019-02-15T19:11:13","guid":{"rendered":"http:\/\/www.pcnen.com\/portal\/?p=261369"},"modified":"2019-02-15T20:11:13","modified_gmt":"2019-02-15T19:11:13","slug":"pretezno-suncano-115","status":"publish","type":"post","link":"https:\/\/www.pcnen.com\/portal\/2019\/02\/15\/pretezno-suncano-115\/","title":{"rendered":"Prete\u017eno sun\u010dano"},"content":{"rendered":"<p><img loading=\"lazy\" decoding=\"async\" class=\"alignright size-medium wp-image-74951\" src=\"http:\/\/www.pcnen.com\/portal\/wp-content\/uploads\/2012\/02\/Prtina-foto-Milan-Pejovic-224x300.jpg\" alt=\"\" width=\"224\" height=\"300\" \/>Prete\u017eno sun\u010dano bi\u0107e u subotu u Crnoj Gori, uz slab do umjeren razvoj obla\u010dnosti.<\/p>\n<p>Magle ili pove\u0107ane niske obla\u010dnosti bi\u0107e tokom jutra po kotlinama na sjeveru zemlje.<\/p>\n<p>Vjetar sjeverni i sjeveroisto\u010dni bi\u0107e jo\u0161 ponegdje umjeren do poja\u010dan u prijepodnevnim satima.<\/p>\n<p>Jutarnja temperatura vazduha bi\u0107e u rasponu od -8 do 6, a najvi\u0161a dnevna od 0 do 16 stepeni.<\/p>\n<p>Prete\u017eno sun\u010dano bi\u0107e u Podgorici. Sjeverni i sjeveroisto\u010dni vjetar bi\u017ee prije podne povremeno umjeren do poja\u010dan. Jutarnja temperatura vazduha bi\u0107e oko 2, a najvi\u0161a dnevna do 14 stepeni.<\/p>\n<p><a href=\"http:\/\/www.meteo.co.me\/misc.php?text=121&amp;sektor=1&amp;grad=AND\">Prognoza za ostale gradove.<\/a><\/p>\n","protected":false},"excerpt":{"rendered":"<p>Vjetar sjeverni i sjeveroisto\u010dni bi\u0107e jo\u0161 ponegdje umjeren do poja\u010dan u prijepodnevnim satima<\/p>\n","protected":false},"author":1,"featured_media":0,"comment_status":"open","ping_status":"closed","sticky":false,"template":"","format":"standard","meta":{"_seopress_robots_primary_cat":"","_seopress_titles_title":"","_seopress_titles_desc":"","_seopress_robots_index":"","_et_pb_use_builder":"","_et_pb_old_content":"","_et_gb_content_width":"","inline_featured_image":false,"footnotes":""},"categories":[14,12],"tags":[],"class_list":["post-261369","post","type-post","status-publish","format-standard","hentry","category-vijesti","category-prica-dana"],"_links":{"self":[{"href":"https:\/\/www.pcnen.com\/portal\/wp-json\/wp\/v2\/posts\/261369","targetHints":{"allow":["GET"]}}],"collection":[{"href":"https:\/\/www.pcnen.com\/portal\/wp-json\/wp\/v2\/posts"}],"about":[{"href":"https:\/\/www.pcnen.com\/portal\/wp-json\/wp\/v2\/types\/post"}],"author":[{"embeddable":true,"href":"https:\/\/www.pcnen.com\/portal\/wp-json\/wp\/v2\/users\/1"}],"replies":[{"embeddable":true,"href":"https:\/\/www.pcnen.com\/portal\/wp-json\/wp\/v2\/comments?post=261369"}],"version-history":[{"count":0,"href":"https:\/\/www.pcnen.com\/portal\/wp-json\/wp\/v2\/posts\/261369\/revisions"}],"wp:attachment":[{"href":"https:\/\/www.pcnen.com\/portal\/wp-json\/wp\/v2\/media?parent=261369"}],"wp:term":[{"taxonomy":"category","embeddable":true,"href":"https:\/\/www.pcnen.com\/portal\/wp-json\/wp\/v2\/categories?post=261369"},{"taxonomy":"post_tag","embeddable":true,"href":"https:\/\/www.pcnen.com\/portal\/wp-json\/wp\/v2\/tags?post=261369"}],"curies":[{"name":"wp","href":"https:\/\/api.w.org\/{rel}","templated":true}]}}