{"id":261356,"date":"2019-02-15T16:31:44","date_gmt":"2019-02-15T15:31:44","guid":{"rendered":"http:\/\/www.pcnen.com\/portal\/?p=261356"},"modified":"2019-02-15T16:32:39","modified_gmt":"2019-02-15T15:32:39","slug":"bar-aktivistkinja-izgubila-bebu-poslije-policijske-akcije","status":"publish","type":"post","link":"https:\/\/www.pcnen.com\/portal\/2019\/02\/15\/bar-aktivistkinja-izgubila-bebu-poslije-policijske-akcije\/","title":{"rendered":"Bar: Aktivistkinja izgubila bebu poslije policijske akcije"},"content":{"rendered":"<p><img loading=\"lazy\" decoding=\"async\" class=\"alignright size-medium wp-image-213050\" src=\"http:\/\/www.pcnen.com\/portal\/wp-content\/uploads\/2016\/09\/trudnoca-300x220.jpg\" alt=\"\" width=\"300\" height=\"220\" \/>Trudna \u017eena, jedna od troje civilnih aktivista koje je policija u Baru jutros privela, izgubila je bebu, potvr\u0111uju izvori portala PCNEN.<\/p>\n<p>Policijaci su jutros priveli troje aktivista, koji se bore protiv sje\u010de \u010dempresa Baru, a trudnoj aktivistkinji je pozlilo i zavr\u0161ila je u Hitnoj pomo\u0107i. Policija je intervenisala kako bi onemogu\u0107ila grupu aktivista i aktivistkinja da blokiraju gradili\u0161te spornog dje\u010djeg vrti\u0107a, zbog \u010dije su gradnje nezakonito posje\u010dena stara stabla \u010dempresa.<\/p>\n<p>Policija je pru\u017eili asistenciju izvo\u0111a\u010du radova, i to je, prema saop\u0161tenju Uprave policije, uradila \u201cshodno Pravilniku o uslovima i na\u010dinu pru\u017eanja pomo\u0107i drzavnim organima, organima dr\u017eavne uprave, organima lokalne samouprave i pravnim licima u postupku izvr\u0161enja njihovih odluka\u201d.<\/p>\n<p>Uprava policije je saop\u0161tila da \u0107e \u201cpreduzeti sve mjere na utvr\u0111ivanju eventualne odgovornosti policijskih slu\u017ebenika\u201d.<\/p>\n<p>O doga\u0111aju je obavije\u0161ten nadle\u017eni dr\u017eavni tu\u017eilac.<\/p>\n","protected":false},"excerpt":{"rendered":"<p>Trudna \u017eena, jedna od troje civilnih aktivista koje je policija u Baru jutros privela, izgubila je bebu, potvr\u0111uju izvori portala PCNEN. Policijaci su jutros priveli troje aktivista, koji se bore protiv sje\u010de \u010dempresa Baru, a trudnoj aktivistkinji je pozlilo i zavr\u0161ila je u Hitnoj pomo\u0107i. Policija je intervenisala kako bi onemogu\u0107ila grupu aktivista i aktivistkinja [&hellip;]<\/p>\n","protected":false},"author":1,"featured_media":0,"comment_status":"open","ping_status":"closed","sticky":false,"template":"","format":"standard","meta":{"_seopress_robots_primary_cat":"","_seopress_titles_title":"","_seopress_titles_desc":"","_seopress_robots_index":"","_et_pb_use_builder":"","_et_pb_old_content":"","_et_gb_content_width":"","inline_featured_image":false,"footnotes":""},"categories":[14,12],"tags":[],"class_list":["post-261356","post","type-post","status-publish","format-standard","hentry","category-vijesti","category-prica-dana"],"_links":{"self":[{"href":"https:\/\/www.pcnen.com\/portal\/wp-json\/wp\/v2\/posts\/261356","targetHints":{"allow":["GET"]}}],"collection":[{"href":"https:\/\/www.pcnen.com\/portal\/wp-json\/wp\/v2\/posts"}],"about":[{"href":"https:\/\/www.pcnen.com\/portal\/wp-json\/wp\/v2\/types\/post"}],"author":[{"embeddable":true,"href":"https:\/\/www.pcnen.com\/portal\/wp-json\/wp\/v2\/users\/1"}],"replies":[{"embeddable":true,"href":"https:\/\/www.pcnen.com\/portal\/wp-json\/wp\/v2\/comments?post=261356"}],"version-history":[{"count":0,"href":"https:\/\/www.pcnen.com\/portal\/wp-json\/wp\/v2\/posts\/261356\/revisions"}],"wp:attachment":[{"href":"https:\/\/www.pcnen.com\/portal\/wp-json\/wp\/v2\/media?parent=261356"}],"wp:term":[{"taxonomy":"category","embeddable":true,"href":"https:\/\/www.pcnen.com\/portal\/wp-json\/wp\/v2\/categories?post=261356"},{"taxonomy":"post_tag","embeddable":true,"href":"https:\/\/www.pcnen.com\/portal\/wp-json\/wp\/v2\/tags?post=261356"}],"curies":[{"name":"wp","href":"https:\/\/api.w.org\/{rel}","templated":true}]}}