{"id":261316,"date":"2019-02-14T23:04:19","date_gmt":"2019-02-14T22:04:19","guid":{"rendered":"http:\/\/www.pcnen.com\/portal\/?p=261316"},"modified":"2019-02-14T23:04:19","modified_gmt":"2019-02-14T22:04:19","slug":"mecava-ponegdje-na-sjeveru-zemlje","status":"publish","type":"post","link":"https:\/\/www.pcnen.com\/portal\/2019\/02\/14\/mecava-ponegdje-na-sjeveru-zemlje\/","title":{"rendered":"Me\u0107ava ponegdje na sjeveru zemlje"},"content":{"rendered":"<p><img loading=\"lazy\" decoding=\"async\" class=\"alignright size-medium wp-image-197350\" src=\"http:\/\/www.pcnen.com\/portal\/wp-content\/uploads\/2016\/01\/prtina-300x225.jpg\" alt=\"\" width=\"300\" height=\"225\" \/>U ju\u017enim i centralnim krajevima Crne Gore bi\u0107e u petak malo do umjereno obla\u010dno, ali sa sun\u010danim intervalima.<\/p>\n<p>Na sjeveru zemlje bi\u0107e prete\u017eno obla\u010dno, povremeno sa slabim snijegom, a ponegdje i me\u0107avom.<\/p>\n<p>Sjeverni vjetar bi\u0107e mjestimi\u010dno umjeren do jak, na udare i veoma jak.<\/p>\n<p>Jutarnja temperatura vazduha bi\u0107e u rasponu od -5 do 7, a najvi\u0161a dnevna od -4 do 14 stepeni.<\/p>\n<p>U Podgorici \u0107e biti promjenljivo obla\u010dno sa du\u017eim sun\u010danim intervalima. Vjetar sjeverni bi\u0107e poja\u010dan i jak. Jutarnja temperatura vazduha bi\u0107e oko 4, a najvi\u0161a dnevna do 12 stepeni.<\/p>\n<p><a href=\"http:\/\/www.meteo.co.me\/misc.php?text=121&amp;sektor=1&amp;grad=ZAB\">Prognoza vremena za ostale gradove.<\/a><\/p>\n","protected":false},"excerpt":{"rendered":"<p>U ju\u017enim i centralnim krajevima Crne Gore bi\u0107e u petak malo do umjereno obla\u010dno, ali sa sun\u010danim intervalima. Na sjeveru zemlje bi\u0107e prete\u017eno obla\u010dno, povremeno sa slabim snijegom, a ponegdje i me\u0107avom. Sjeverni vjetar bi\u0107e mjestimi\u010dno umjeren do jak, na udare i veoma jak. Jutarnja temperatura vazduha bi\u0107e u rasponu od -5 do 7, a [&hellip;]<\/p>\n","protected":false},"author":1,"featured_media":0,"comment_status":"open","ping_status":"closed","sticky":false,"template":"","format":"standard","meta":{"_seopress_robots_primary_cat":"","_seopress_titles_title":"","_seopress_titles_desc":"","_seopress_robots_index":"","_et_pb_use_builder":"","_et_pb_old_content":"","_et_gb_content_width":"","inline_featured_image":false,"footnotes":""},"categories":[14,12],"tags":[],"class_list":["post-261316","post","type-post","status-publish","format-standard","hentry","category-vijesti","category-prica-dana"],"_links":{"self":[{"href":"https:\/\/www.pcnen.com\/portal\/wp-json\/wp\/v2\/posts\/261316","targetHints":{"allow":["GET"]}}],"collection":[{"href":"https:\/\/www.pcnen.com\/portal\/wp-json\/wp\/v2\/posts"}],"about":[{"href":"https:\/\/www.pcnen.com\/portal\/wp-json\/wp\/v2\/types\/post"}],"author":[{"embeddable":true,"href":"https:\/\/www.pcnen.com\/portal\/wp-json\/wp\/v2\/users\/1"}],"replies":[{"embeddable":true,"href":"https:\/\/www.pcnen.com\/portal\/wp-json\/wp\/v2\/comments?post=261316"}],"version-history":[{"count":0,"href":"https:\/\/www.pcnen.com\/portal\/wp-json\/wp\/v2\/posts\/261316\/revisions"}],"wp:attachment":[{"href":"https:\/\/www.pcnen.com\/portal\/wp-json\/wp\/v2\/media?parent=261316"}],"wp:term":[{"taxonomy":"category","embeddable":true,"href":"https:\/\/www.pcnen.com\/portal\/wp-json\/wp\/v2\/categories?post=261316"},{"taxonomy":"post_tag","embeddable":true,"href":"https:\/\/www.pcnen.com\/portal\/wp-json\/wp\/v2\/tags?post=261316"}],"curies":[{"name":"wp","href":"https:\/\/api.w.org\/{rel}","templated":true}]}}