{"id":261310,"date":"2019-02-14T20:21:06","date_gmt":"2019-02-14T19:21:06","guid":{"rendered":"http:\/\/www.pcnen.com\/portal\/?p=261310"},"modified":"2019-02-14T20:21:06","modified_gmt":"2019-02-14T19:21:06","slug":"pregovaracki-tim-kosova-usvojio-platformu-za-dijalog-sa-srbijom","status":"publish","type":"post","link":"https:\/\/www.pcnen.com\/portal\/2019\/02\/14\/pregovaracki-tim-kosova-usvojio-platformu-za-dijalog-sa-srbijom\/","title":{"rendered":"Pregovara\u010dki tim Kosova usvojio platformu za dijalog sa Srbijom"},"content":{"rendered":"<p><img loading=\"lazy\" decoding=\"async\" src=\"http:\/\/www.pcnen.com\/portal\/wp-content\/uploads\/2016\/07\/kosovo-srbija-granica-300x212.jpg\" alt=\"\" width=\"300\" height=\"212\" class=\"alignright size-medium wp-image-209684\" \/>Pregovara\u010dki tim Kosova usvojio je Platformu za dijalog sa Srbijom kao jedini zvani\u010dan stav Pri\u0161tine o dijalogu.<\/p>\n<p>Najavljeno je da \u0107e tekst tog dokumenta u petak biti predat Skup\u0161tini Kosova koja na prvoj narednoj sjednici treba da ga usvoji.<\/p>\n<p>Kopredsjedavaju\u0107i pregovara\u010dke ekipe \u0160pend Ahmeti rekao je da je to zvani\u010dan stav Kosova i da je u cjelosti zasnovan na Ustavu Kosova, prenosi Beta.<\/p>\n<p>&#8220;Ustav je jasan. Teritorijalni integritet i suverenitet Kosova je garantovan Ustavom. To je svima jasno a za nas je to zakonska obaveza&#8221;, kazao je Ahmeti.<\/p>\n<p>Fatmir Ljimaj, koji je tako\u0111e kopredsjedavaju\u0107i pregovara\u010dke ekipe, rekao je da je platforma zasnovana na Ustavu, deklaraciji o nezavisnosti Kosova i odluci Me\u0111unarodnog suda pravde.<\/p>\n<p>Tokom jutarnjeg sastanka \u0161efova pregovara\u010dke ekipe Kosova sa predsjednikom, premijerom i predsjednikom kosovskog parlamenta platforma je dobila bezrezervnu podr\u0161ku.<\/p>\n<p>Kosovski premijer Ramu\u0161 Haradinaj rekao je novinarima poslije tog sastanka da ni on ni predsjednik Ha\u0161im Ta\u010di nisu portparoli Amerike i da njoj to nije ni potrebno na Kosovu.<\/p>\n<p>&#8220;Amerika govori sama, ni predsjednik ni ja nismo portparoli SAD, oni govore sami&#8221;, rekao je Haradinaj.<\/p>\n<p>On je ocijenio da je platforma &#8220;odr\u017eiv dokument principa i stavova koje Kosovo ima u dijalogu&#8221;.<\/p>\n<p>&#8220;Platforma proizilazi iz Ustava, obavezana je Ustavom i \u0161titi Ustav Kosova&#8221;, kazao je Haradinaj.<\/p>\n<p>Odgovaraju\u0107i na pitanje o mogu\u0107em ukidanju takse od 100 odsto na uvoz robe iz Srbije i BiH, Haradinaj je rekao da nije promijenio stav i da \u0107e takse ostati na snazi dok Srbija ne prizna Kosovo.<\/p>\n","protected":false},"excerpt":{"rendered":"<p>Pregovara\u010dki tim Kosova usvojio je Platformu za dijalog sa Srbijom kao jedini zvani\u010dan stav Pri\u0161tine o dijalogu. Najavljeno je da \u0107e tekst tog dokumenta u petak biti predat Skup\u0161tini Kosova koja na prvoj narednoj sjednici treba da ga usvoji. Kopredsjedavaju\u0107i pregovara\u010dke ekipe \u0160pend Ahmeti rekao je da je to zvani\u010dan stav Kosova i da je [&hellip;]<\/p>\n","protected":false},"author":1,"featured_media":0,"comment_status":"open","ping_status":"closed","sticky":false,"template":"","format":"standard","meta":{"_seopress_robots_primary_cat":"","_seopress_titles_title":"","_seopress_titles_desc":"","_seopress_robots_index":"","_et_pb_use_builder":"","_et_pb_old_content":"","_et_gb_content_width":"","inline_featured_image":false,"footnotes":""},"categories":[14],"tags":[],"class_list":["post-261310","post","type-post","status-publish","format-standard","hentry","category-vijesti"],"_links":{"self":[{"href":"https:\/\/www.pcnen.com\/portal\/wp-json\/wp\/v2\/posts\/261310","targetHints":{"allow":["GET"]}}],"collection":[{"href":"https:\/\/www.pcnen.com\/portal\/wp-json\/wp\/v2\/posts"}],"about":[{"href":"https:\/\/www.pcnen.com\/portal\/wp-json\/wp\/v2\/types\/post"}],"author":[{"embeddable":true,"href":"https:\/\/www.pcnen.com\/portal\/wp-json\/wp\/v2\/users\/1"}],"replies":[{"embeddable":true,"href":"https:\/\/www.pcnen.com\/portal\/wp-json\/wp\/v2\/comments?post=261310"}],"version-history":[{"count":0,"href":"https:\/\/www.pcnen.com\/portal\/wp-json\/wp\/v2\/posts\/261310\/revisions"}],"wp:attachment":[{"href":"https:\/\/www.pcnen.com\/portal\/wp-json\/wp\/v2\/media?parent=261310"}],"wp:term":[{"taxonomy":"category","embeddable":true,"href":"https:\/\/www.pcnen.com\/portal\/wp-json\/wp\/v2\/categories?post=261310"},{"taxonomy":"post_tag","embeddable":true,"href":"https:\/\/www.pcnen.com\/portal\/wp-json\/wp\/v2\/tags?post=261310"}],"curies":[{"name":"wp","href":"https:\/\/api.w.org\/{rel}","templated":true}]}}