{"id":261297,"date":"2019-02-14T14:23:24","date_gmt":"2019-02-14T13:23:24","guid":{"rendered":"http:\/\/www.pcnen.com\/portal\/?p=261297"},"modified":"2019-02-14T14:23:24","modified_gmt":"2019-02-14T13:23:24","slug":"za-ask-zastario-knezevicev-poklon-dukanovicu-i-gvozdenovicu","status":"publish","type":"post","link":"https:\/\/www.pcnen.com\/portal\/2019\/02\/14\/za-ask-zastario-knezevicev-poklon-dukanovicu-i-gvozdenovicu\/","title":{"rendered":"Za ASK zastario Kne\u017eevi\u0107ev poklon \u0110ukanovi\u0107u i Gvozdenovi\u0107u"},"content":{"rendered":"<p><img loading=\"lazy\" decoding=\"async\" class=\"alignright size-full wp-image-167842\" src=\"http:\/\/www.pcnen.com\/portal\/wp-content\/uploads\/2014\/12\/pokloni.jpg\" alt=\"\" width=\"300\" height=\"224\" \/>Agencija za spre\u010davanje korupcije je odbacila zahtjev Mre\u017ee za afirmaciju nevladinog sektora (MANS) da pokrene postupak protiv Mila \u0110ukanovi\u0107a i Branimira Gvozdenovi\u0107a, predsjednika Crne Gore i potpredsjednika Skup\u0161tine Crne Gore, jer u izvje\u0161tajima za 2010. nijesu prijavili <a href=\"http:\/\/www.pcnen.com\/portal\/2019\/02\/07\/dan-knezevic-platio-milov-lidijin-i-gvozdenovicev-boravak-u-dubaiju\/\">poklon putovanje<\/a> od Du\u0161ka Kne\u017eevi\u0107a u Dubai, vrijedno skoro 30.000 eura<\/p>\n<p>Direktor Agencije Sreten Radonji\u0107 i njegovi saradnici su to obrazlo\u017eili \u010dinjenicom da je to tijelo po\u010delo da radi 1. januara 2016, te da ne mogu retroaktivno pokretati postupke za prekr\u0161aje iz nekada\u0161njeg Zakona o spre\u010davanju sukoba interesa, prenosi portal Vijesi.<\/p>\n<p>MANS podsje\u0107a na to da je i prema propisu koji je va\u017eio do 1. januara 2016, \u0110ukanovi\u0107 i Gvozdenovi\u0107 su bili du\u017eni da dostave potpune podatke o prihodima i izvorima prihoda, uklju\u010duju\u0107i i poklon putovanje koje je platio predsjednik Atlas grupe.<\/p>\n<p>Advokat MANS Veselin Radulovi\u0107 je protiv odluke ASK podnio tu\u017ebu Upravnom sudu.<\/p>\n","protected":false},"excerpt":{"rendered":"<p>Advokat MANS Veselin Radulovi\u0107 je protiv odluke ASK podnio tu\u017ebu Upravnom sudu<\/p>\n","protected":false},"author":1,"featured_media":0,"comment_status":"open","ping_status":"closed","sticky":false,"template":"","format":"standard","meta":{"_seopress_robots_primary_cat":"","_seopress_titles_title":"","_seopress_titles_desc":"","_seopress_robots_index":"","_et_pb_use_builder":"","_et_pb_old_content":"","_et_gb_content_width":"","inline_featured_image":false,"footnotes":""},"categories":[14,12],"tags":[],"class_list":["post-261297","post","type-post","status-publish","format-standard","hentry","category-vijesti","category-prica-dana"],"_links":{"self":[{"href":"https:\/\/www.pcnen.com\/portal\/wp-json\/wp\/v2\/posts\/261297","targetHints":{"allow":["GET"]}}],"collection":[{"href":"https:\/\/www.pcnen.com\/portal\/wp-json\/wp\/v2\/posts"}],"about":[{"href":"https:\/\/www.pcnen.com\/portal\/wp-json\/wp\/v2\/types\/post"}],"author":[{"embeddable":true,"href":"https:\/\/www.pcnen.com\/portal\/wp-json\/wp\/v2\/users\/1"}],"replies":[{"embeddable":true,"href":"https:\/\/www.pcnen.com\/portal\/wp-json\/wp\/v2\/comments?post=261297"}],"version-history":[{"count":0,"href":"https:\/\/www.pcnen.com\/portal\/wp-json\/wp\/v2\/posts\/261297\/revisions"}],"wp:attachment":[{"href":"https:\/\/www.pcnen.com\/portal\/wp-json\/wp\/v2\/media?parent=261297"}],"wp:term":[{"taxonomy":"category","embeddable":true,"href":"https:\/\/www.pcnen.com\/portal\/wp-json\/wp\/v2\/categories?post=261297"},{"taxonomy":"post_tag","embeddable":true,"href":"https:\/\/www.pcnen.com\/portal\/wp-json\/wp\/v2\/tags?post=261297"}],"curies":[{"name":"wp","href":"https:\/\/api.w.org\/{rel}","templated":true}]}}