{"id":261243,"date":"2019-02-13T18:02:57","date_gmt":"2019-02-13T17:02:57","guid":{"rendered":"http:\/\/www.pcnen.com\/portal\/?p=261243"},"modified":"2019-02-13T18:02:57","modified_gmt":"2019-02-13T17:02:57","slug":"medijske-udruzenja-i-pojedinci-zele-unapredenje-nacrta-zakona-o-medijima","status":"publish","type":"post","link":"https:\/\/www.pcnen.com\/portal\/2019\/02\/13\/medijske-udruzenja-i-pojedinci-zele-unapredenje-nacrta-zakona-o-medijima\/","title":{"rendered":"Medijske udru\u017eenja i pojedinci \u017eele unapre\u0111enje Nacrta Zakona o medijima"},"content":{"rendered":"<p><img loading=\"lazy\" decoding=\"async\" class=\"alignright size-medium wp-image-245924\" src=\"http:\/\/www.pcnen.com\/portal\/wp-content\/uploads\/2018\/05\/slobodni-mediji-300x180.png\" alt=\"\" width=\"300\" height=\"180\" \/>Ukupno 30 amandmana na Nacrt zakona o medijima podnijela je zajedno grupa nevladinih organizacija i nekoliko novinara, saop\u0161teno je danas, nakon \u0161to je ju\u010de okon\u010dana javna rasprava.<\/p>\n<p>\u201cPostoje\u0107i Zakon o medijima je u nekim djelovima prevazi\u0111en i anahron i opravdana je potreba definisanja novih pravila. Pojedina rje\u0161enja, me\u0111utim, predstavljaju korak unazad u odnosu na postoje\u0107i zakon, dok va\u017ene novine, poput finansijske podr\u0161ke dr\u017eave kroz Fond za podsticanje pluralizma i raznovrsnost medija, nijesu dovoljno precizne i jasne, \u0161to\u00a0 otvara mogu\u0107nost arbitrarnog mije\u0161anja dr\u017eave prilikom raspodjele novca poreskih obveznika, te mije\u0161anja u uredni\u010dku i finansijsku nezavinost medija\u201d, saop\u0161tili su predlaga\u010di amandmana.<\/p>\n<p>Amandmanima se tra\u017ei preciziranje i dorada rje\u0161enja koja se odnose na iznos sredstava koja se opredjeljuje za Fond za podsticanje pluralizma i raznovrsnost medija, sistem raspodjele novca i kriterijume raspodjele. Predlaga\u010di amandmana sugeri\u0161u da se iz kriterijuma raspodjele bri\u0161u izuzeci i da sva davanja iz ovog Fonda budu ure\u0111ena u skladu sa istim principima i po istoj proceduri, na \u0161ta su ukazali i eksperti Savjeta Evrope u komentarima na Nacrt zakona o medijima.<\/p>\n<p>\u201cPredla\u017eemo pove\u0107anje bud\u017eetskih sredstava za ovaj Fond sa predlo\u017eenih 0.03 odsto, na 0,1 procenata BDT, \u0161to je pribli\u017eno 3,6 miliona eura. Predlaga\u010di amandmana smatraju da sredsva treba da se usmjeravaju u jednakom iznosu za elektronske \u0161tampane medije, a ne kako je to Nacrtom predvi\u0111eno da 60 odsto sredstava ide za elektronske, a 40 procenata za \u0161tampane i onlajn medije\u201d, navodi se u saop\u0161tenju predlaga\u010da amandmana.<\/p>\n<p>Predlaga\u010di amandmana pozdravljaju namjeru zakonodavca da prepozna samoregulaciju kao na\u010din pobolj\u0161anja eti\u010dkih i profesionalnih standarda, ali sugeri\u0161emo da samoregulatorna tijela, eksterna i interna, ne trebaju da budu finansirana iz Fonda za mediijski pluralizam (Nacrtom zakona je predvij\u0111eno 10 odsto sredstava za samoregulaciju).<\/p>\n<p>\u201cSamoregulacija treba da po\u010diva na potrebu medija da sami sebe ograni\u010de, kako ne bi zapali u neeti\u010dno pona\u0161anje i ona \u2018treba da po\u010diva na spremnosti medija da sami finasiraju ovaj proces\u2019\u201d, stoji u obrazlo\u017eenju amandmana.<\/p>\n<p>Grupa nevladinih organizacija, udru\u017eenja i pojedinaca se, pored ostalog, amandmanima osvrnula na principe solidarne odgovornosti i za\u0161tite novinarskih izvora. Oni smatraju da, kada je rije\u010d o za\u0161titi izvora informacija, treba ostati pri rje\u0161enju iz postoje\u0107eg zakona, jer ono garantuje za\u0161titu izvora i \u0161titi novinarske slobode. Ukoliko bi se zadr\u017eao predlog iz Nacrta zakona, \u201epove\u0107ao bi se prostor za smanjenja slobode novinara\/ki\u201c, stoji izme\u0111u ostalog u obrazlo\u017eenju amandamana koji se odnosi na jednu od osnovnih novinarskih sloboda, a to je za\u0161tita izvora informacija.<\/p>\n<p>Amandmane su zajedno podnijeli:\u00a0 Media centar, Centar za istra\u017eiva\u010dko novinarstvo (CIN CG), Dru\u0161tvo profesionalnih novinara Crne Gore (DPNCG), Centar za gra\u0111ansko obrazovanje (CGO), Institut za medije Crne Gore (IMCG), te pojedinci \u2013 glavni urednik dnevnog lista \u201cDan\u201c Nikola Markovi\u0107 , te novinari Vladan Mi\u0107unovi\u0107 i Mihailo Jovovi\u0107.<\/p>\n","protected":false},"excerpt":{"rendered":"<p>Pojedina rje\u0161enja, me\u0111utim, predstavljaju korak unazad u odnosu na postoje\u0107i zakon<\/p>\n","protected":false},"author":1,"featured_media":0,"comment_status":"open","ping_status":"closed","sticky":false,"template":"","format":"standard","meta":{"_seopress_robots_primary_cat":"","_seopress_titles_title":"","_seopress_titles_desc":"","_seopress_robots_index":"","_et_pb_use_builder":"","_et_pb_old_content":"","_et_gb_content_width":"","inline_featured_image":false,"footnotes":""},"categories":[14,12],"tags":[],"class_list":["post-261243","post","type-post","status-publish","format-standard","hentry","category-vijesti","category-prica-dana"],"_links":{"self":[{"href":"https:\/\/www.pcnen.com\/portal\/wp-json\/wp\/v2\/posts\/261243","targetHints":{"allow":["GET"]}}],"collection":[{"href":"https:\/\/www.pcnen.com\/portal\/wp-json\/wp\/v2\/posts"}],"about":[{"href":"https:\/\/www.pcnen.com\/portal\/wp-json\/wp\/v2\/types\/post"}],"author":[{"embeddable":true,"href":"https:\/\/www.pcnen.com\/portal\/wp-json\/wp\/v2\/users\/1"}],"replies":[{"embeddable":true,"href":"https:\/\/www.pcnen.com\/portal\/wp-json\/wp\/v2\/comments?post=261243"}],"version-history":[{"count":0,"href":"https:\/\/www.pcnen.com\/portal\/wp-json\/wp\/v2\/posts\/261243\/revisions"}],"wp:attachment":[{"href":"https:\/\/www.pcnen.com\/portal\/wp-json\/wp\/v2\/media?parent=261243"}],"wp:term":[{"taxonomy":"category","embeddable":true,"href":"https:\/\/www.pcnen.com\/portal\/wp-json\/wp\/v2\/categories?post=261243"},{"taxonomy":"post_tag","embeddable":true,"href":"https:\/\/www.pcnen.com\/portal\/wp-json\/wp\/v2\/tags?post=261243"}],"curies":[{"name":"wp","href":"https:\/\/api.w.org\/{rel}","templated":true}]}}