{"id":261235,"date":"2019-02-13T17:08:40","date_gmt":"2019-02-13T16:08:40","guid":{"rendered":"http:\/\/www.pcnen.com\/portal\/?p=261235"},"modified":"2019-02-13T17:17:38","modified_gmt":"2019-02-13T16:17:38","slug":"epcg-uvodi-tarifne-modele-placanja","status":"publish","type":"post","link":"https:\/\/www.pcnen.com\/portal\/2019\/02\/13\/epcg-uvodi-tarifne-modele-placanja\/","title":{"rendered":"EPCG uvodi tarifne modele pla\u0107anja"},"content":{"rendered":"<p><img loading=\"lazy\" decoding=\"async\" class=\"alignright size-full wp-image-205211\" src=\"http:\/\/www.pcnen.com\/portal\/wp-content\/uploads\/2016\/05\/epcg.jpg\" alt=\"\" width=\"188\" height=\"160\" \/>U skladu sa Zakonom o energetici i Op\u0161tim uslovima za snabdijevanje elektri\u010dnom energijom EPCG je, u svojstvu snabdjeva\u010da krajnjih kupaca, utvrdila i na svom portalu objavila Odluku o utvrdjivanju cijena elektri\u010dne energije za kupce priklju\u010dene na elektrodistibutivni sistem koja \u0107e va\u017eiti od 1. marta 2019. godine.<\/p>\n<p>U namjeri da svoju uslugu unaprijedi i prilagodi potrebama potro\u0161a\u010da, EPCG prvi put uvodi pravo kupca na odabir jednog od ponu\u0111enih tarifnih modela snabdijevanja. Na taj na\u010din, <a href=\"https:\/\/www.epcg.com\/media-centar\/saopstenja-za-javnost\/pocinje-uvodenje-tarifnih-modela\" target=\"_blank\" rel=\"noopener\">kako se navodi u zvani\u010dnom saop\u0161tenju<\/a>, stimuli\u0161e se energetska efikasnost i smanjuje bud\u017eetsko optere\u0107enje kupaca, a u zavisnosti od na\u010dina potro\u0161nje i povoljnosti paketa kupci biraju tarifni model zaklju\u010denjem ugovora.<\/p>\n","protected":false},"excerpt":{"rendered":"<p>EPCG prvi put uvodi pravo kupca na odabir jednog od ponu\u0111enih tarifnih modela snabdijevanja<\/p>\n","protected":false},"author":1,"featured_media":0,"comment_status":"open","ping_status":"closed","sticky":false,"template":"","format":"standard","meta":{"_seopress_robots_primary_cat":"","_seopress_titles_title":"","_seopress_titles_desc":"","_seopress_robots_index":"","_et_pb_use_builder":"","_et_pb_old_content":"","_et_gb_content_width":"","inline_featured_image":false,"footnotes":""},"categories":[14,12],"tags":[],"class_list":["post-261235","post","type-post","status-publish","format-standard","hentry","category-vijesti","category-prica-dana"],"_links":{"self":[{"href":"https:\/\/www.pcnen.com\/portal\/wp-json\/wp\/v2\/posts\/261235","targetHints":{"allow":["GET"]}}],"collection":[{"href":"https:\/\/www.pcnen.com\/portal\/wp-json\/wp\/v2\/posts"}],"about":[{"href":"https:\/\/www.pcnen.com\/portal\/wp-json\/wp\/v2\/types\/post"}],"author":[{"embeddable":true,"href":"https:\/\/www.pcnen.com\/portal\/wp-json\/wp\/v2\/users\/1"}],"replies":[{"embeddable":true,"href":"https:\/\/www.pcnen.com\/portal\/wp-json\/wp\/v2\/comments?post=261235"}],"version-history":[{"count":0,"href":"https:\/\/www.pcnen.com\/portal\/wp-json\/wp\/v2\/posts\/261235\/revisions"}],"wp:attachment":[{"href":"https:\/\/www.pcnen.com\/portal\/wp-json\/wp\/v2\/media?parent=261235"}],"wp:term":[{"taxonomy":"category","embeddable":true,"href":"https:\/\/www.pcnen.com\/portal\/wp-json\/wp\/v2\/categories?post=261235"},{"taxonomy":"post_tag","embeddable":true,"href":"https:\/\/www.pcnen.com\/portal\/wp-json\/wp\/v2\/tags?post=261235"}],"curies":[{"name":"wp","href":"https:\/\/api.w.org\/{rel}","templated":true}]}}