{"id":261196,"date":"2019-02-13T07:00:03","date_gmt":"2019-02-13T06:00:03","guid":{"rendered":"http:\/\/www.pcnen.com\/portal\/?p=261196"},"modified":"2019-02-12T20:58:07","modified_gmt":"2019-02-12T19:58:07","slug":"cetnik-u-moru","status":"publish","type":"post","link":"https:\/\/www.pcnen.com\/portal\/2019\/02\/13\/cetnik-u-moru\/","title":{"rendered":"\u0106etnik u moru!"},"content":{"rendered":"<p><strong>Pi\u0161e: Dragan Bursa\u0107<\/strong><\/p>\n<p><img loading=\"lazy\" decoding=\"async\" class=\"alignright size-medium wp-image-261197\" src=\"http:\/\/www.pcnen.com\/portal\/wp-content\/uploads\/2019\/02\/alesandro-kralj-split-300x217.jpg\" alt=\"\" width=\"300\" height=\"217\" \/>Mladi\u0107i su sjedili u kafi\u0107u na Rivi u trenirkama Crvene Zvezde. Pri\u0161la im je skupina mlad-usta\u0161a i zatra\u017eila da skinu klupske trenirke. Potom su ih po\u010deli naguravati i udarati. Lin\u010d u jednoj slici.<\/p>\n<p>Trojica igra\u010da su pobjegla, a golman Aleksandro Kralj spasio se od udaraca \u201cjuna\u010dina\u201d skokom u more. Nije htio iza\u0107i do dolaska policije. Rijetki gra\u0111ani su mu pomogli.<\/p>\n<p>A ta slika, mladi\u0107a u vodi, na Rivi je sve, ili gotovo sve \u0161to Balkan nudi svijetu. Nasilje, nacionalizam, nedostatk empatije i jo\u0161 nasilja. Najkonkretnije, za\u0161to je kriv golman Aleksandro Kralj, e da bi \u017eivu glavu spasio u moru? Zato je jer je \u017eiv i jer je Srbin?! No, \u010dak ni puki fakti nisu sprije\u010dili mald-usta\u0161e da nasrnu na vaterpolistu, jer eto Aleksadnro nije Srbin nego Crnogorac. Ali, hej, ko te pita kad klju\u010da krv \u201cgena kamenih\u201d u klasi\u010dnoj ravnopravnoj borbi \u201cpet na jednoga\u201d. Pa je tako mladi\u0107 iz vode promatrao Rivu, a slabo koji turista, pogotovu u februaru promatra splitsku Rivu iz tog rakursa, i jo\u0161 gleda na mlad-usta\u0161e namjesto na Bra\u010d i \u0160oltu.<\/p>\n<p>Mo\u017eda najbolji odgvor za razlog usuda Alekdandra i njegovih kolega daje jedna \u201cgopodi\u0107na\u201d na videu koji kru\u017ei internetom.<\/p>\n<p>A na tom snimku se \u010duje nare\u010deni \u017eenski glas koji izgovara bolesnu re\u010denicu &#8220;Pa, ipak je on \u0107etnik!&#8221;<\/p>\n<p>To je to! To je taj famozni odgovor hrvatske desnice na sve i jedan problem koji je zadesio Hrvate od stolje\u0107a sedmog pa to ovog mladog vaterpoliste. \u0106etnici dabome! Ko je kriv zato \u0161to su Hrvati naselili Dalmaciju, namjesto Provansu? \u0106etnici? Ko je kriv za sve plja\u010dka\u0161ke privatizacije u Hrvata? \u0106etnici! Ko je kriv za bijedu koja tjera ljude do Dablina i dalje? \u0106etnici! Ko je kriv za tapakanje Hrvatske za EU? \u0106etni&#8230; dobro, Slovenci, ali isto je to. I na koncu, ko je kriv ovom mladom Crnogorcu Kralju, \u0161to namjesto toplog bazena, rasplivava sam sa sobom i du\u0161om svojom u nosu na Rivi? \u0106etnici, naravski, ne treba tu puno filozofirati. Pa je gospo\u0111a sa kartom na gornjem, suhom katu Rive dobro konkluzirala, da je on ipak samo \u0107etnik, \u0161to mu je omogu\u0107ilo ranofebruarsko kupanje.<\/p>\n<p>Gospo\u0111o draga, on je vaterpolista, nije \u010detnik. \u010cetnici vam dolaze u crnim blindiranim limuzinama, sve u odijelima i kravatama i njih do\u010dekujete aplauzima zajedno sa usta\u0161kim vlastima. Da li gospo\u0111a, resto promatar\u010da i onih pet egzekutivaca usta\u0161a to znaju, te\u0161ko je re\u0107i. Jer, da znaju kako im se \u010delici po mostovima, dvoranama i holovima ljubakaju sa izvornim ljubiteljima \u010detni\u010dke Karlobag-Ogulin-Karlovac ideologije, pa valjda ne bi glasali za njih? Jok! Pogre\u0161na percepcija! Naivna i pogre\u0161na. Samo pravom odistinskom \u201cza dom spremnom\u201d usta\u0161i na drugom kraju Balkana treba jedan arhi\u010detnik \u0161e\u0161eljevske provinijencije da bi se osje\u0107ao \u017eiv. Samo tako i jedino tako \u017eivot ima smisla, svugdje pa i u prelijepom Splitu gdje su priroda i Bog ve\u0107 dali smisao svemu. Jesu svemu, ali nisu usta\u0161ama i njihovim \u017eivotima. Jer, jebo \u017eivot bez \u010detnika!<\/p>\n<p>Samo, vremena lo\u0161a, propaganda nikakva, slaba i vodnjakava, pa daj \u0161ta da\u0161. Dobro je, hvala djevici Mariji \u0161to im je Gospod poslao ovu \u010detvoricu golobradih mladi\u0107a. Konobar i usta\u0161e su se ve\u0107 slo\u017eile da je rije\u010d o najcrnjim \u0161e\u0161eljevicma. E sad to \u0161to nisu ba\u0161 \u0161e\u0161eljevci, a ovaj nije ni Srbin, a Bo\u017ee moj, o\u010dajna vremena zahtijevaju o\u010dajne usta\u0161ke odluke. I nema tog domoljuba, \u0161to mu srce nije zaigralo dok je gledao dijete u vodi kako spasava \u017eivot od palica i \u0161aka usta\u0161kih. Do\u0111e \u010dovjeku da ka\u017ee-za Rive spremni, ali u sebi.<\/p>\n<p>Draga gospodo, usta\u0161ka, dobro pogledajte ovu fotografiju. Ovo je dijete, gospodo usta\u0161ka, a napadom na dijete samo oja\u010davate \u010detni\u010dku ideologiju. Ali hej, to vam je i namjera, jer se sli\u010dan sli\u010dnom raduje. Na koncu, nije to dijete, re\u0107i \u0107e gospo\u0111a u pozadini, to je ipak \u0107etnik. Postulat od stolje\u0107a sedmog u \u010diju tvrdu vjeru ne dira ubernaci.<\/p>\n<p>Da, naravski, osta\u0107e ovo jo\u0161 jedan mrlja na zidu koji je od Ror\u0161aha prerastao u murala srama. Mrlja srpsko-hrtvatskih odnosa, mrlja koja je ovaj put prefarbala mlade vaterpoliste i zacrnila splitsku Rivu.<\/p>\n<p>Ipak, dobrih ljudi, \u010duj dobrih, normalnih ljudi ima ba\u0161 u Splitu, u Splitu vi\u0161e no igdje da absorbuju (koliko mogu) jedno subotnje ludilo.<\/p>\n<p>Tako je ponajbolje situaciju opisao povijesni\u010dar Dragan Markovina na svom FB zidu. Bez uvijanja, bez dlake na jeziku:<\/p>\n<p>\u201cKad ve\u0107 skoro tri desetlje\u0107a \u017eivimo u strukturalnom nasilju i produ\u017eavamo ratnu atmosferu unedogled, umjesto da izgra\u0111ujemo kulturu mira, dobili smo dru\u0161tvo u kojem ono nikoga ne iznena\u0111uje. Da, pristojni ljudi su posramljeni i u\u017easnuti, ali ovakvo \u0161to sigurno nikoga nije iznenadilo. Da bismo pak izgradili kulturu mira, oni koji od atmosfere nasilja odli\u010dno \u017eive bi od njega morali odustati. Jer ni\u0161ta drugo, nego nasilje je i ideolo\u0161ka smjena ravnatelja javnih institucija i organizacija i poticanje referenduma za suspenziju ljudskih prava i sve sli\u010dne stvari.\u00a0 Dokolicom i humanizmom protiv nasilja i mr\u017enje.\u201d<\/p>\n<p>I to je najve\u0107i strah svakog normalnog \u010dovjeka, iskazan su\u0161tinski jasnim statusom\u00a0 Markovine, strah od normalizacine jednog ludila. Tako je i dje\u010dak u vodi, nasuprot pune Rive, tek vijest za jedna dan, tek razlog da se malo zaljuljaju lokalne dru\u0161tvene mre\u017ee, ni\u0161ta vi\u0161e.<\/p>\n<p>Sve je prolazno, ali usta\u0161e i \u010detnici, poput buba\u0161vaba ostaju i opstaju u svakom agregatnom stanju. I opet je do nas.<\/p>\n<p><a href=\"http:\/\/www.6yka.com\/novosti\/dragan-bursac-cetnik-u-moru\">Buka<\/a><\/p>\n","protected":false},"excerpt":{"rendered":"<p>Sve je prolazno, ali usta\u0161e i \u010detnici, poput buba\u0161vaba ostaju i opstaju u svakom agregatnom stanju<\/p>\n","protected":false},"author":1,"featured_media":0,"comment_status":"open","ping_status":"closed","sticky":false,"template":"","format":"standard","meta":{"_seopress_robots_primary_cat":"","_seopress_titles_title":"","_seopress_titles_desc":"","_seopress_robots_index":"","_et_pb_use_builder":"","_et_pb_old_content":"","_et_gb_content_width":"","inline_featured_image":false,"footnotes":""},"categories":[5],"tags":[],"class_list":["post-261196","post","type-post","status-publish","format-standard","hentry","category-drugi-pisu"],"_links":{"self":[{"href":"https:\/\/www.pcnen.com\/portal\/wp-json\/wp\/v2\/posts\/261196","targetHints":{"allow":["GET"]}}],"collection":[{"href":"https:\/\/www.pcnen.com\/portal\/wp-json\/wp\/v2\/posts"}],"about":[{"href":"https:\/\/www.pcnen.com\/portal\/wp-json\/wp\/v2\/types\/post"}],"author":[{"embeddable":true,"href":"https:\/\/www.pcnen.com\/portal\/wp-json\/wp\/v2\/users\/1"}],"replies":[{"embeddable":true,"href":"https:\/\/www.pcnen.com\/portal\/wp-json\/wp\/v2\/comments?post=261196"}],"version-history":[{"count":0,"href":"https:\/\/www.pcnen.com\/portal\/wp-json\/wp\/v2\/posts\/261196\/revisions"}],"wp:attachment":[{"href":"https:\/\/www.pcnen.com\/portal\/wp-json\/wp\/v2\/media?parent=261196"}],"wp:term":[{"taxonomy":"category","embeddable":true,"href":"https:\/\/www.pcnen.com\/portal\/wp-json\/wp\/v2\/categories?post=261196"},{"taxonomy":"post_tag","embeddable":true,"href":"https:\/\/www.pcnen.com\/portal\/wp-json\/wp\/v2\/tags?post=261196"}],"curies":[{"name":"wp","href":"https:\/\/api.w.org\/{rel}","templated":true}]}}