{"id":261193,"date":"2019-02-12T20:23:40","date_gmt":"2019-02-12T19:23:40","guid":{"rendered":"http:\/\/www.pcnen.com\/portal\/?p=261193"},"modified":"2019-02-12T20:24:12","modified_gmt":"2019-02-12T19:24:12","slug":"na-sjeveru-zemlje-pretezno-oblacno-i-hladno","status":"publish","type":"post","link":"https:\/\/www.pcnen.com\/portal\/2019\/02\/12\/na-sjeveru-zemlje-pretezno-oblacno-i-hladno\/","title":{"rendered":"Na sjeveru zemlje prete\u017eno obla\u010dno i hladno"},"content":{"rendered":"<div id=\"attachment_232389\" style=\"width: 310px\" class=\"wp-caption alignright\"><img loading=\"lazy\" decoding=\"async\" aria-describedby=\"caption-attachment-232389\" class=\"size-medium wp-image-232389\" src=\"http:\/\/www.pcnen.com\/portal\/wp-content\/uploads\/2017\/08\/Duklja-300x199.jpg\" alt=\"\" width=\"300\" height=\"199\" \/><p id=\"caption-attachment-232389\" class=\"wp-caption-text\">Duklja\/arhivski snimak<\/p><\/div>\n<p>U ju\u017enim i centralnim krajevima Crne Gore bi\u0107e u srijedu prete\u017eno sun\u010dano, uz povremeno malu do umjerenu obla\u010dnost.<\/p>\n<p>Na sjeveru zemlje bi\u0107e prete\u017eno obla\u010dno i hladno, mjestimi\u010dno sa slabim snijegom ili me\u0107avom.<\/p>\n<p>Vjetar sjeverni i sjeveroisto\u010dni bi\u0107e poja\u010dan i jak, povremeno na udare olujne ja\u010dine.<\/p>\n<p>Jutarnja temperatura vazduha bi\u0107e u rasponu od -10 do 3, a najvi\u0161a dnevna od -8 do 10 stepeni.<\/p>\n<p>U Podgorici \u0107e biti prete\u017eno ili djelimi\u010dno sun\u010dano. Vjetar sjeveroisto\u010dni bi\u0107e poja\u010dan i jak, na udare i olujne ja\u010dine Jutarnja temperatura vazduha bi\u0107e oko 1, a najvi\u0161a dnevna do 7 stepeni.<\/p>\n<p><a href=\"http:\/\/www.meteo.co.me\/misc.php?text=121&amp;sektor=1&amp;grad=PLJ\">Prognoza za ostale gradove.<\/a><\/p>\n","protected":false},"excerpt":{"rendered":"<p>U ju\u017enim i centralnim krajevima Crne Gore bi\u0107e u srijedu prete\u017eno sun\u010dano, uz povremeno malu do umjerenu obla\u010dnost. Na sjeveru zemlje bi\u0107e prete\u017eno obla\u010dno i hladno, mjestimi\u010dno sa slabim snijegom ili me\u0107avom. Vjetar sjeverni i sjeveroisto\u010dni bi\u0107e poja\u010dan i jak, povremeno na udare olujne ja\u010dine. Jutarnja temperatura vazduha bi\u0107e u rasponu od -10 do 3, [&hellip;]<\/p>\n","protected":false},"author":1,"featured_media":0,"comment_status":"open","ping_status":"closed","sticky":false,"template":"","format":"standard","meta":{"_seopress_robots_primary_cat":"","_seopress_titles_title":"","_seopress_titles_desc":"","_seopress_robots_index":"","_et_pb_use_builder":"","_et_pb_old_content":"","_et_gb_content_width":"","inline_featured_image":false,"footnotes":""},"categories":[14,12],"tags":[],"class_list":["post-261193","post","type-post","status-publish","format-standard","hentry","category-vijesti","category-prica-dana"],"_links":{"self":[{"href":"https:\/\/www.pcnen.com\/portal\/wp-json\/wp\/v2\/posts\/261193","targetHints":{"allow":["GET"]}}],"collection":[{"href":"https:\/\/www.pcnen.com\/portal\/wp-json\/wp\/v2\/posts"}],"about":[{"href":"https:\/\/www.pcnen.com\/portal\/wp-json\/wp\/v2\/types\/post"}],"author":[{"embeddable":true,"href":"https:\/\/www.pcnen.com\/portal\/wp-json\/wp\/v2\/users\/1"}],"replies":[{"embeddable":true,"href":"https:\/\/www.pcnen.com\/portal\/wp-json\/wp\/v2\/comments?post=261193"}],"version-history":[{"count":0,"href":"https:\/\/www.pcnen.com\/portal\/wp-json\/wp\/v2\/posts\/261193\/revisions"}],"wp:attachment":[{"href":"https:\/\/www.pcnen.com\/portal\/wp-json\/wp\/v2\/media?parent=261193"}],"wp:term":[{"taxonomy":"category","embeddable":true,"href":"https:\/\/www.pcnen.com\/portal\/wp-json\/wp\/v2\/categories?post=261193"},{"taxonomy":"post_tag","embeddable":true,"href":"https:\/\/www.pcnen.com\/portal\/wp-json\/wp\/v2\/tags?post=261193"}],"curies":[{"name":"wp","href":"https:\/\/api.w.org\/{rel}","templated":true}]}}