{"id":261189,"date":"2019-02-12T19:37:55","date_gmt":"2019-02-12T18:37:55","guid":{"rendered":"http:\/\/www.pcnen.com\/portal\/?p=261189"},"modified":"2019-02-12T19:37:55","modified_gmt":"2019-02-12T18:37:55","slug":"udvostrucen-broj-prijetnji-nasiljem-novinarima","status":"publish","type":"post","link":"https:\/\/www.pcnen.com\/portal\/2019\/02\/12\/udvostrucen-broj-prijetnji-nasiljem-novinarima\/","title":{"rendered":"Udvostru\u010den broj prijetnji nasiljem novinarima"},"content":{"rendered":"<p><img loading=\"lazy\" decoding=\"async\" class=\"alignright size-medium wp-image-134190\" src=\"http:\/\/www.pcnen.com\/portal\/wp-content\/uploads\/2014\/01\/napad-na-novinare-300x226.jpg\" alt=\"\" width=\"300\" height=\"226\" \/>Situacija u pogledu medijskih sloboda znatno se pogor\u0161ala u \u010dlanicama Savjeta Evrope, navodi se u izvje\u0161taju <a href=\"https:\/\/www.coe.int\/en\/web\/media-freedom\">Platforme Savjeta Evrope za za\u0161titu novinara<\/a> koji je danas predstavljen u sjedi\u0161tu te organizacije u Strazburu, prenosi Danas.<\/p>\n<p>U izvje\u0161taju pod nazivom \u201cDemokratija u opasnosti: prijetnje i napade na medijske slobode u Evropi\u201c isti\u010de se da se stalno pove\u0107ava broj napada na novinare.<\/p>\n<p>Autori su u izve\u0161taju naveli 140 prijavljenih slu\u010dajeva ozbiljnog kr\u0161enja medijskih sloboda.<\/p>\n<p>Broj prijavljenih pretnji nasiljem se udvostru\u010dio u 2018. u odnosu na prethodnu godinu, navode autori izvje\u0161taja, dodaju\u0107i da nije bilo napretka u rje\u0161avanju slu\u010dajeva ubistava novinara.<\/p>\n<p>Savjet Evrope je uspostavio Platformu 2015. u saradnji sa vi\u0161e evropskih i me\u0111unarodnih organizacija koje se bave slobodom izra\u017eavanja i novinarstvom radi pru\u017eanja informacija za dijalog me\u0111u \u010dlanicama Savjeta.<\/p>\n","protected":false},"excerpt":{"rendered":"<p>Situacija u pogledu medijskih sloboda znatno se pogor\u0161ala u \u010dlanicama Savjeta Evrope, navodi se u izvje\u0161taju Platforme Savjeta Evrope za za\u0161titu novinara koji je danas predstavljen u sjedi\u0161tu te organizacije u Strazburu, prenosi Danas. U izvje\u0161taju pod nazivom \u201cDemokratija u opasnosti: prijetnje i napade na medijske slobode u Evropi\u201c isti\u010de se da se stalno pove\u0107ava [&hellip;]<\/p>\n","protected":false},"author":1,"featured_media":0,"comment_status":"open","ping_status":"closed","sticky":false,"template":"","format":"standard","meta":{"_seopress_robots_primary_cat":"","_seopress_titles_title":"","_seopress_titles_desc":"","_seopress_robots_index":"","_et_pb_use_builder":"","_et_pb_old_content":"","_et_gb_content_width":"","inline_featured_image":false,"footnotes":""},"categories":[14,12],"tags":[],"class_list":["post-261189","post","type-post","status-publish","format-standard","hentry","category-vijesti","category-prica-dana"],"_links":{"self":[{"href":"https:\/\/www.pcnen.com\/portal\/wp-json\/wp\/v2\/posts\/261189","targetHints":{"allow":["GET"]}}],"collection":[{"href":"https:\/\/www.pcnen.com\/portal\/wp-json\/wp\/v2\/posts"}],"about":[{"href":"https:\/\/www.pcnen.com\/portal\/wp-json\/wp\/v2\/types\/post"}],"author":[{"embeddable":true,"href":"https:\/\/www.pcnen.com\/portal\/wp-json\/wp\/v2\/users\/1"}],"replies":[{"embeddable":true,"href":"https:\/\/www.pcnen.com\/portal\/wp-json\/wp\/v2\/comments?post=261189"}],"version-history":[{"count":0,"href":"https:\/\/www.pcnen.com\/portal\/wp-json\/wp\/v2\/posts\/261189\/revisions"}],"wp:attachment":[{"href":"https:\/\/www.pcnen.com\/portal\/wp-json\/wp\/v2\/media?parent=261189"}],"wp:term":[{"taxonomy":"category","embeddable":true,"href":"https:\/\/www.pcnen.com\/portal\/wp-json\/wp\/v2\/categories?post=261189"},{"taxonomy":"post_tag","embeddable":true,"href":"https:\/\/www.pcnen.com\/portal\/wp-json\/wp\/v2\/tags?post=261189"}],"curies":[{"name":"wp","href":"https:\/\/api.w.org\/{rel}","templated":true}]}}