{"id":261177,"date":"2019-02-12T13:26:10","date_gmt":"2019-02-12T12:26:10","guid":{"rendered":"http:\/\/www.pcnen.com\/portal\/?p=261177"},"modified":"2019-11-13T15:53:59","modified_gmt":"2019-11-13T14:53:59","slug":"knezevic-nastavio-da-propituje-brajovica","status":"publish","type":"post","link":"https:\/\/www.pcnen.com\/portal\/2019\/02\/12\/knezevic-nastavio-da-propituje-brajovica\/","title":{"rendered":"Kne\u017eevi\u0107 nastavio da propituje Brajovi\u0107a"},"content":{"rendered":"<p>Predsjednik Atlas grupe Du\u0161ko Kne\u017eevi\u0107 je nastavio danas da, posredstvom Press centra svoje kompanije, propituje predsjednika crnogorskog parlamenta Ivana Brajovi\u0107a.<\/p>\n<p>\u201cPredsjednik Skup\u0161tine Crne Gore je priznao da je imao dug prema Atlas banci i da je taj dug zatvorio prodajem naslije\u0111enog zemlji\u0161ta. Oko depozita JP Aerodromi CG u Atlas banci i njegovog aran\u017emana tim povodom ne\u0107e jo\u0161 da govori. Po\u0161to izbjegava da javnosti ka\u017ee punu istinu, postavi\u0107u mu jo\u0161 nekoliko pitanja\u201d, poru\u010dio je Kne\u017eevi\u0107, koji je osumnji\u010den za pranje novca i druga krivi\u010dna djela.<\/p>\n<p>On je podsjetio Brajovi\u0107a na njihov razgovor od 21. avgusta 2018. u restoranu \u2018Elit\u2019 u Atlas centru u Podgorici i napomenuo da ima \u201cprecizan dokaz o sadr\u017eini tog razgovora\u201d, nakon \u010dega mu je postavio pitanja:<\/p>\n<p>\u201cKo je pravno lice koje pominje u aran\u017emanu za prodaju zemlje? Ko mu je omogu\u0107io ugovor sa tim pravnim licem i kako su kontaktirali? Kako je njegova zemlja u Bjelopavli\u0107ima zavr\u0161ila u rukama jednog od na\u0161ih uhap\u0161enih voza\u010da, koji je ni kriv ni du\u017ean dr\u017ean u pritvoru? Koliko je ta zemlja pla\u0107ena i kolika joj je bila stvarna cijena?<\/p>\n<p>Koliko je dobio novca na ruke da, uz prodaju zemlje, zatvori dugovanja nastala zato \u0161to su \u010dlanovi njegove porodice lake ruke na karticama i zato \u0161to je imao problem da ih zaustavi u tro\u0161enju?<\/p>\n<p>Da li \u0107e g. Brajovi\u0107 upoznati javnost sa visinom duga, dati izvode sa svog ra\u010duna, sap\u0161titi koliko je kasnio sa pla\u0107anjem i detaljno objasniti na\u010din na koji je izmiren dug? On je predsjednik parlamenta i tako visoka funkcija valjda podrazumijeva da svaki gra\u0111anin Crne Gore zna \u0161ta mu je radio predsjednik\u2019\u201d.<\/p>\n<p>Kne\u017eevi\u0107 je pozvao Brajovi\u0107a \u201cda upozna gra\u0111ane Crme Gore sa donacijama njegovoj partiji\u201d, kao i da bi \u201cmo\u017ea bilo dobro i da prethodno konsultuje Vujicu Lazovi\u0107a i Damira \u0160ehovi\u0107a, ako uop\u0161te komunicira sa njima kao ranije\u201d.<\/p>\n<p>\u201c\u0160to se ti\u010de depozita JP Aerodromi CG, ima jo\u0161 priliku da ka\u017ee \u0161ta se de\u0161avalo i za\u0161to je tim povodom u sukobu sa \u010dlanom svoje partije i direktorom Aerodroma Danilom Orlandi\u0107em\u201d, poru\u010dio je Kne\u017eevi\u0107 i zaklju\u010dio da zna \u0161ta je govorio tokom nedavne posjete SAD i kako se pravdao. \u201cNijeste govorili istinu&#8221;, konstatovao je Kne\u017eevi\u0107.<\/p>\n<p>Vijesti su <a href=\"http:\/\/www.pcnen.com\/portal\/2019\/02\/12\/vijesti-brajovic-skrivao-dugovanja-atlas-banci\/\">objavile da je Brajovi\u0107 skrivao od javnosti i organa za sprje\u010davanje korupcije svoje dugove Atlas banci,<\/a> koje je, kako je priznao, izmirio prodajom zemlji\u0161ta.<\/p>\n","protected":false},"excerpt":{"rendered":"<p>Po\u0161to izbjegava da javnosti ka\u017ee punu istinu, postavi\u0107u mu jo\u0161 nekoliko pitanja\u201d, poru\u010dio je Kne\u017eevi\u0107<\/p>\n","protected":false},"author":1,"featured_media":261178,"comment_status":"open","ping_status":"closed","sticky":false,"template":"","format":"standard","meta":{"_seopress_robots_primary_cat":"","_seopress_titles_title":"","_seopress_titles_desc":"","_seopress_robots_index":"","_et_pb_use_builder":"","_et_pb_old_content":"","_et_gb_content_width":"","inline_featured_image":false,"footnotes":""},"categories":[14,12],"tags":[],"class_list":["post-261177","post","type-post","status-publish","format-standard","has-post-thumbnail","hentry","category-vijesti","category-prica-dana"],"_links":{"self":[{"href":"https:\/\/www.pcnen.com\/portal\/wp-json\/wp\/v2\/posts\/261177","targetHints":{"allow":["GET"]}}],"collection":[{"href":"https:\/\/www.pcnen.com\/portal\/wp-json\/wp\/v2\/posts"}],"about":[{"href":"https:\/\/www.pcnen.com\/portal\/wp-json\/wp\/v2\/types\/post"}],"author":[{"embeddable":true,"href":"https:\/\/www.pcnen.com\/portal\/wp-json\/wp\/v2\/users\/1"}],"replies":[{"embeddable":true,"href":"https:\/\/www.pcnen.com\/portal\/wp-json\/wp\/v2\/comments?post=261177"}],"version-history":[{"count":0,"href":"https:\/\/www.pcnen.com\/portal\/wp-json\/wp\/v2\/posts\/261177\/revisions"}],"wp:featuredmedia":[{"embeddable":true,"href":"https:\/\/www.pcnen.com\/portal\/wp-json\/wp\/v2\/media\/261178"}],"wp:attachment":[{"href":"https:\/\/www.pcnen.com\/portal\/wp-json\/wp\/v2\/media?parent=261177"}],"wp:term":[{"taxonomy":"category","embeddable":true,"href":"https:\/\/www.pcnen.com\/portal\/wp-json\/wp\/v2\/categories?post=261177"},{"taxonomy":"post_tag","embeddable":true,"href":"https:\/\/www.pcnen.com\/portal\/wp-json\/wp\/v2\/tags?post=261177"}],"curies":[{"name":"wp","href":"https:\/\/api.w.org\/{rel}","templated":true}]}}