{"id":261172,"date":"2019-02-12T12:30:42","date_gmt":"2019-02-12T11:30:42","guid":{"rendered":"http:\/\/www.pcnen.com\/portal\/?p=261172"},"modified":"2019-02-12T12:30:42","modified_gmt":"2019-02-12T11:30:42","slug":"ljudi-insekti-nam-umiru","status":"publish","type":"post","link":"https:\/\/www.pcnen.com\/portal\/2019\/02\/12\/ljudi-insekti-nam-umiru\/","title":{"rendered":"Ljudi, insekti nam umiru!"},"content":{"rendered":"<p><img loading=\"lazy\" decoding=\"async\" class=\"alignright size-medium wp-image-234970\" src=\"http:\/\/www.pcnen.com\/portal\/wp-content\/uploads\/2017\/10\/insekti-300x202.jpg\" alt=\"\" width=\"300\" height=\"202\" \/>Skoro polovina vrsta insekata je u velikom opadanju, a tre\u0107ina bi mogla potpuno da nestane, upozorili su nau\u010dnici u novoj studiji o polinaciji usjeva i prirodnim lancima ishrane.<\/p>\n<p>&#8220;Ukoliko ne promijenimo na\u010din proizvodnje hrane, insekti \u0107e kao cjelina krenuti putem izumiranja za nekoliko decenija&#8221;, navodi se u studiji nau\u010dnika sa univerziteta u Sidneju i Kvinslendu, prenose inostrani online mediji.<\/p>\n<p>Oni su upozorili na to da je u toku \u0161esto masovno izumiranje insekata u poslednjih pola milijarde godina.<\/p>\n","protected":false},"excerpt":{"rendered":"<p>Skoro polovina vrsta insekata je u velikom opadanju, a tre\u0107ina bi mogla potpuno da nestane, upozorili su nau\u010dnici u novoj studiji o polinaciji usjeva i prirodnim lancima ishrane. &#8220;Ukoliko ne promijenimo na\u010din proizvodnje hrane, insekti \u0107e kao cjelina krenuti putem izumiranja za nekoliko decenija&#8221;, navodi se u studiji nau\u010dnika sa univerziteta u Sidneju i Kvinslendu, [&hellip;]<\/p>\n","protected":false},"author":1,"featured_media":0,"comment_status":"open","ping_status":"closed","sticky":false,"template":"","format":"standard","meta":{"_seopress_robots_primary_cat":"","_seopress_titles_title":"","_seopress_titles_desc":"","_seopress_robots_index":"","_et_pb_use_builder":"","_et_pb_old_content":"","_et_gb_content_width":"","inline_featured_image":false,"footnotes":""},"categories":[14,12],"tags":[],"class_list":["post-261172","post","type-post","status-publish","format-standard","hentry","category-vijesti","category-prica-dana"],"_links":{"self":[{"href":"https:\/\/www.pcnen.com\/portal\/wp-json\/wp\/v2\/posts\/261172","targetHints":{"allow":["GET"]}}],"collection":[{"href":"https:\/\/www.pcnen.com\/portal\/wp-json\/wp\/v2\/posts"}],"about":[{"href":"https:\/\/www.pcnen.com\/portal\/wp-json\/wp\/v2\/types\/post"}],"author":[{"embeddable":true,"href":"https:\/\/www.pcnen.com\/portal\/wp-json\/wp\/v2\/users\/1"}],"replies":[{"embeddable":true,"href":"https:\/\/www.pcnen.com\/portal\/wp-json\/wp\/v2\/comments?post=261172"}],"version-history":[{"count":0,"href":"https:\/\/www.pcnen.com\/portal\/wp-json\/wp\/v2\/posts\/261172\/revisions"}],"wp:attachment":[{"href":"https:\/\/www.pcnen.com\/portal\/wp-json\/wp\/v2\/media?parent=261172"}],"wp:term":[{"taxonomy":"category","embeddable":true,"href":"https:\/\/www.pcnen.com\/portal\/wp-json\/wp\/v2\/categories?post=261172"},{"taxonomy":"post_tag","embeddable":true,"href":"https:\/\/www.pcnen.com\/portal\/wp-json\/wp\/v2\/tags?post=261172"}],"curies":[{"name":"wp","href":"https:\/\/api.w.org\/{rel}","templated":true}]}}