{"id":261149,"date":"2019-02-11T20:40:59","date_gmt":"2019-02-11T19:40:59","guid":{"rendered":"http:\/\/www.pcnen.com\/portal\/?p=261149"},"modified":"2019-02-11T21:03:48","modified_gmt":"2019-02-11T20:03:48","slug":"dukanovic-vanredno-u-ukrstenim-rijecima-prve-tv","status":"publish","type":"post","link":"https:\/\/www.pcnen.com\/portal\/2019\/02\/11\/dukanovic-vanredno-u-ukrstenim-rijecima-prve-tv\/","title":{"rendered":"\u0110ukanovi\u0107 vanredno u &#8216;Ukr\u0161tenim rije\u010dima&#8217; Prve TV"},"content":{"rendered":"<div id=\"attachment_259485\" style=\"width: 310px\" class=\"wp-caption alignright\"><img loading=\"lazy\" decoding=\"async\" aria-describedby=\"caption-attachment-259485\" class=\"size-medium wp-image-259485\" src=\"http:\/\/www.pcnen.com\/portal\/wp-content\/uploads\/2019\/01\/Djukanovic-Knezevic-300x285.jpg\" alt=\"\" width=\"300\" height=\"285\" \/><p id=\"caption-attachment-259485\" class=\"wp-caption-text\">Foto: Instagram.com<\/p><\/div>\n<p>Prva TV najavljuje gostovanje predsjednika Crne Gore i lidera DPS Mila \u0110ukanovi\u0107a u vanrednoj emisiji &#8216;Ukr\u0161tne rije\u010di&#8217; u \u010detvrtak 14. februara, u kojoj redovno ponedjeljkom \u010detvoro novinara iz crnogorskih medija analiziraju aktuelna pitanja.<\/p>\n<p>Emisija \u0107e i\u0107i u\u017eivo, a sa \u0110ukanovi\u0107em \u0107e, osim urednice emisije Vesne Rajkovi\u0107, razgovarati redovni gosti emisije, glavni urednik dnevnika Pobjeda Dra\u0161ko \u0110uranovi\u0107, urednica crnogorske ispostave Prve TV Sonja Drobac, pomo\u0107nik glavnog urednika dnevnika Dan Nikola Markovi\u0107 i urednik u nedjeljniku Monitor Zoran Radulovi\u0107.<\/p>\n<p>Ovo je prvo \u0110ukanovi\u0107evo gostovanje na nekoj televiziji nakon otvaranja afera &#8216;Koverat&#8217; i &#8216;Atlas&#8217; <a href=\"https:\/\/www.instagram.com\/dkatlas\/\">\u017eestokih optu\u017ebi<\/a> kojima je danima izlo\u017een od strane dugogodi\u0161njeg prijatelja Du\u0161ka Kne\u017eevi\u0107a, osumnji\u010denog za pranje novca i druga krivi\u010dna djela.<\/p>\n","protected":false},"excerpt":{"rendered":"<p>Prva TV najavljuje gostovanje predsjednika Crne Gore i lidera DPS Mila \u0110ukanovi\u0107a u vanrednoj emisiji &#8216;Ukr\u0161tne rije\u010di&#8217; u \u010detvrtak 14. februara, u kojoj redovno ponedjeljkom \u010detvoro novinara iz crnogorskih medija analiziraju aktuelna pitanja. Emisija \u0107e i\u0107i u\u017eivo, a sa \u0110ukanovi\u0107em \u0107e, osim urednice emisije Vesne Rajkovi\u0107, razgovarati redovni gosti emisije, glavni urednik dnevnika Pobjeda Dra\u0161ko [&hellip;]<\/p>\n","protected":false},"author":1,"featured_media":0,"comment_status":"open","ping_status":"closed","sticky":false,"template":"","format":"standard","meta":{"_seopress_robots_primary_cat":"","_seopress_titles_title":"","_seopress_titles_desc":"","_seopress_robots_index":"","_et_pb_use_builder":"","_et_pb_old_content":"","_et_gb_content_width":"","inline_featured_image":false,"footnotes":""},"categories":[14,12],"tags":[],"class_list":["post-261149","post","type-post","status-publish","format-standard","hentry","category-vijesti","category-prica-dana"],"_links":{"self":[{"href":"https:\/\/www.pcnen.com\/portal\/wp-json\/wp\/v2\/posts\/261149","targetHints":{"allow":["GET"]}}],"collection":[{"href":"https:\/\/www.pcnen.com\/portal\/wp-json\/wp\/v2\/posts"}],"about":[{"href":"https:\/\/www.pcnen.com\/portal\/wp-json\/wp\/v2\/types\/post"}],"author":[{"embeddable":true,"href":"https:\/\/www.pcnen.com\/portal\/wp-json\/wp\/v2\/users\/1"}],"replies":[{"embeddable":true,"href":"https:\/\/www.pcnen.com\/portal\/wp-json\/wp\/v2\/comments?post=261149"}],"version-history":[{"count":0,"href":"https:\/\/www.pcnen.com\/portal\/wp-json\/wp\/v2\/posts\/261149\/revisions"}],"wp:attachment":[{"href":"https:\/\/www.pcnen.com\/portal\/wp-json\/wp\/v2\/media?parent=261149"}],"wp:term":[{"taxonomy":"category","embeddable":true,"href":"https:\/\/www.pcnen.com\/portal\/wp-json\/wp\/v2\/categories?post=261149"},{"taxonomy":"post_tag","embeddable":true,"href":"https:\/\/www.pcnen.com\/portal\/wp-json\/wp\/v2\/tags?post=261149"}],"curies":[{"name":"wp","href":"https:\/\/api.w.org\/{rel}","templated":true}]}}