{"id":261143,"date":"2019-02-11T18:51:59","date_gmt":"2019-02-11T17:51:59","guid":{"rendered":"http:\/\/www.pcnen.com\/portal\/?p=261143"},"modified":"2019-02-11T18:51:59","modified_gmt":"2019-02-11T17:51:59","slug":"razvedravanje-na-jugu-mecava-na-sjeveru","status":"publish","type":"post","link":"https:\/\/www.pcnen.com\/portal\/2019\/02\/11\/razvedravanje-na-jugu-mecava-na-sjeveru\/","title":{"rendered":"Razvedravanje na jugu, me\u0107ava na sjeveru"},"content":{"rendered":"<p><img loading=\"lazy\" decoding=\"async\" class=\"alignright size-medium wp-image-108665\" src=\"http:\/\/www.pcnen.com\/portal\/wp-content\/uploads\/2013\/03\/mecava-300x225.jpg\" alt=\"\" width=\"300\" height=\"225\" \/>Razvedravanje se najavljuje tokom jutra ili prijepodneva u ju\u017enim djelovima Crne Gore. Na sjeveru zemlje \u0107e ostati prete\u017eno obla\u010dno. Mjestimi\u010dno \u0107e padati slab snijeg ili vijati me\u0107ava.<\/p>\n<p>Sjeverni i sjeveroisto\u010dni vjetar \u0107e biti poja\u010dan i jak, na udare veoma jak. Ponegdje \u0107e vjetar imati olujnu snagu.<\/p>\n<p>Jutarnja temperatura vazduha bi\u0107e u rasponu od -6 do 7, a najvi\u0161a dnevna od -4 do 13 stepeni.<\/p>\n<p>U Podgorici \u0107e biti promjenljivo obla\u010dno sa du\u017eim sun\u010danim intervalima tokom dana. Vjetar sjeverni i sjeveroisto\u010dni bi\u0107e umjeren do jak, na udare i veoma jak. Jutarnja temperatura vazduha bi\u0107e oko 4, a najvi\u0161a dnevna oko 9 stepeni.<\/p>\n<p><a href=\"http:\/\/www.meteo.co.me\/misc.php?text=121&amp;sektor=1&amp;grad=PLU\">Prognoza za ostale gradove.<\/a><\/p>\n","protected":false},"excerpt":{"rendered":"<p>Ponegdje \u0107e sjeverni vjetar imati olujnu snagu<\/p>\n","protected":false},"author":1,"featured_media":0,"comment_status":"open","ping_status":"closed","sticky":false,"template":"","format":"standard","meta":{"_seopress_robots_primary_cat":"","_seopress_titles_title":"","_seopress_titles_desc":"","_seopress_robots_index":"","_et_pb_use_builder":"","_et_pb_old_content":"","_et_gb_content_width":"","inline_featured_image":false,"footnotes":""},"categories":[14,12],"tags":[],"class_list":["post-261143","post","type-post","status-publish","format-standard","hentry","category-vijesti","category-prica-dana"],"_links":{"self":[{"href":"https:\/\/www.pcnen.com\/portal\/wp-json\/wp\/v2\/posts\/261143","targetHints":{"allow":["GET"]}}],"collection":[{"href":"https:\/\/www.pcnen.com\/portal\/wp-json\/wp\/v2\/posts"}],"about":[{"href":"https:\/\/www.pcnen.com\/portal\/wp-json\/wp\/v2\/types\/post"}],"author":[{"embeddable":true,"href":"https:\/\/www.pcnen.com\/portal\/wp-json\/wp\/v2\/users\/1"}],"replies":[{"embeddable":true,"href":"https:\/\/www.pcnen.com\/portal\/wp-json\/wp\/v2\/comments?post=261143"}],"version-history":[{"count":0,"href":"https:\/\/www.pcnen.com\/portal\/wp-json\/wp\/v2\/posts\/261143\/revisions"}],"wp:attachment":[{"href":"https:\/\/www.pcnen.com\/portal\/wp-json\/wp\/v2\/media?parent=261143"}],"wp:term":[{"taxonomy":"category","embeddable":true,"href":"https:\/\/www.pcnen.com\/portal\/wp-json\/wp\/v2\/categories?post=261143"},{"taxonomy":"post_tag","embeddable":true,"href":"https:\/\/www.pcnen.com\/portal\/wp-json\/wp\/v2\/tags?post=261143"}],"curies":[{"name":"wp","href":"https:\/\/api.w.org\/{rel}","templated":true}]}}