{"id":261113,"date":"2019-02-11T10:02:14","date_gmt":"2019-02-11T09:02:14","guid":{"rendered":"http:\/\/www.pcnen.com\/portal\/?p=261113"},"modified":"2019-02-11T10:03:45","modified_gmt":"2019-02-11T09:03:45","slug":"knezevic-objasnio-zasto-brajovic-cuti","status":"publish","type":"post","link":"https:\/\/www.pcnen.com\/portal\/2019\/02\/11\/knezevic-objasnio-zasto-brajovic-cuti\/","title":{"rendered":"Kne\u017eevi\u0107 objasnio za\u0161to Brajovi\u0107 \u0107uti"},"content":{"rendered":"<p><img loading=\"lazy\" decoding=\"async\" src=\"http:\/\/www.pcnen.com\/portal\/wp-content\/uploads\/2016\/11\/brajovic-ivan-300x238.jpg\" alt=\"\" width=\"300\" height=\"238\" class=\"alignright size-medium wp-image-217185\" \/>Povodom izjave predsjednika Skup\u0161tine Crne Gore <a href=\"http:\/\/www.pcnen.com\/portal\/2019\/02\/08\/brajovic-crnu-goru-ne-potresa-afera\/\">Ivana Brajovi\u0107a o <\/a>aferi Koverta, predsjednik Atlas Grupe dr Du\u0161ko Kne\u017eevi\u0107 je dao izjavu za javnost:<\/p>\n<p>\u201cG. Ivan Brajovi\u0107, poput Milutina Simovi\u0107a, poku\u0161ava da skrene pa\u017enju sa korupciona\u0161ke afere Koverta. Kao visokoj politi\u010dkoj figuri sa likom moralnog predsjednika Skup\u0161tine Crne Gore, postavi\u0107u mu nekoliko pitanja. Znam da je ucijenjen od \u0110ukanovi\u0107a jer su Specijalni tu\u017eilac i policijski tim uzeli njegov dosije kartica i ra\u010duna iz Atlas banke, kao i podatke o prodaji zemlje koja mu je, kako on re\u010de, porodi\u010dno nasljedstvo.<\/p>\n<p>Prvo, pozivam g. Brajovi\u0107a da objasni kako je zatvorio svoje obaveze prema Atlas banci, koje su nastale po osnovu vi\u0161egodi\u0161njih dugovanja na karticama koje nije vra\u0107ao?<\/p>\n<p>Drugo, kako je g. Brajovi\u0107 godinama dr\u017eao depozite Javnog preduze\u0107a Aerodromi Crne Gore u Atlas banci i koji je aran\u017eman povodom toga imao?<\/p>\n<p>Tre\u0107e, za\u0161to je u\u0161ao u sukob sa svojim partijskim drugom, direktorom Aerodroma CG Danilo Orlandi\u0107em oko depozita u Atlas banci?<\/p>\n<p>\u010cetvrto, neka g. Brajovi\u0107 objasni kako je njegova zemlja u Bjelopavli\u0107ima zavr\u0161ila u rukama jednog od na\u0161ih uhap\u0161enih voza\u010da, koji je ni kriv ni du\u017ean dr\u017ean u pritvoru, dok su poku\u0161avali da ga la\u017eno optu\u017ee da je u\u010destvovao u pranju novca za DF. Preko njega i mojih drugih zaposlenih, htjeli su da mene kasnije la\u017eno optu\u017ee da sam u\u010destvovao u dr\u017eavnom udaru. Ja sam mom voza\u010du dao pare da ta zemlja zavr\u0161i na njegovo ime.<\/p>\n<p>Po\u0161to je Specijalni tim, po nalogu Specijalnog tu\u017eioca kao produ\u017eene ruke kriminalnog klana na \u010delu sa prvom familijom, ve\u0107 uzeo sve izvode sa ra\u010duna povezanih sa Brajovi\u0107em, pozivam ga da govori istinu.<\/p>\n<p>Brajovi\u0107 ima \u0161ansu da ka\u017ee javnosti \u0161ta se de\u0161avalo iza kulisa svih va\u017enih doga\u0111aja u Crnoj Gori i tako se donekle opravda za ono \u0161to je on radio. Izme\u0111u ostalog i za aferu Ramada, kada je novcem dr\u017eavne Direkcije za \u017eeljeznice pla\u0107ao strana\u010dki skup i za la\u017eno svjedo\u010denje na sudu, koje je uslijedilo poslije toga\u201d, saop\u0161tio je Press centar Atlas Grupe.<\/p>\n","protected":false},"excerpt":{"rendered":"<p>Povodom izjave predsjednika Skup\u0161tine Crne Gore Ivana Brajovi\u0107a o aferi Koverta, predsjednik Atlas Grupe dr Du\u0161ko Kne\u017eevi\u0107 je dao izjavu za javnost: \u201cG. Ivan Brajovi\u0107, poput Milutina Simovi\u0107a, poku\u0161ava da skrene pa\u017enju sa korupciona\u0161ke afere Koverta. Kao visokoj politi\u010dkoj figuri sa likom moralnog predsjednika Skup\u0161tine Crne Gore, postavi\u0107u mu nekoliko pitanja. Znam da je ucijenjen [&hellip;]<\/p>\n","protected":false},"author":1,"featured_media":0,"comment_status":"open","ping_status":"closed","sticky":false,"template":"","format":"standard","meta":{"_seopress_robots_primary_cat":"","_seopress_titles_title":"","_seopress_titles_desc":"","_seopress_robots_index":"","_et_pb_use_builder":"","_et_pb_old_content":"","_et_gb_content_width":"","inline_featured_image":false,"footnotes":""},"categories":[14,12],"tags":[],"class_list":["post-261113","post","type-post","status-publish","format-standard","hentry","category-vijesti","category-prica-dana"],"_links":{"self":[{"href":"https:\/\/www.pcnen.com\/portal\/wp-json\/wp\/v2\/posts\/261113","targetHints":{"allow":["GET"]}}],"collection":[{"href":"https:\/\/www.pcnen.com\/portal\/wp-json\/wp\/v2\/posts"}],"about":[{"href":"https:\/\/www.pcnen.com\/portal\/wp-json\/wp\/v2\/types\/post"}],"author":[{"embeddable":true,"href":"https:\/\/www.pcnen.com\/portal\/wp-json\/wp\/v2\/users\/1"}],"replies":[{"embeddable":true,"href":"https:\/\/www.pcnen.com\/portal\/wp-json\/wp\/v2\/comments?post=261113"}],"version-history":[{"count":0,"href":"https:\/\/www.pcnen.com\/portal\/wp-json\/wp\/v2\/posts\/261113\/revisions"}],"wp:attachment":[{"href":"https:\/\/www.pcnen.com\/portal\/wp-json\/wp\/v2\/media?parent=261113"}],"wp:term":[{"taxonomy":"category","embeddable":true,"href":"https:\/\/www.pcnen.com\/portal\/wp-json\/wp\/v2\/categories?post=261113"},{"taxonomy":"post_tag","embeddable":true,"href":"https:\/\/www.pcnen.com\/portal\/wp-json\/wp\/v2\/tags?post=261113"}],"curies":[{"name":"wp","href":"https:\/\/api.w.org\/{rel}","templated":true}]}}