{"id":261103,"date":"2019-02-11T08:05:42","date_gmt":"2019-02-11T07:05:42","guid":{"rendered":"http:\/\/www.pcnen.com\/portal\/?p=261103"},"modified":"2019-02-11T08:31:48","modified_gmt":"2019-02-11T07:31:48","slug":"ovo-je-i-poraz-katolicke-crkve","status":"publish","type":"post","link":"https:\/\/www.pcnen.com\/portal\/2019\/02\/11\/ovo-je-i-poraz-katolicke-crkve\/","title":{"rendered":"Ovo je i poraz Katoli\u010dke crkve"},"content":{"rendered":"<p><img loading=\"lazy\" decoding=\"async\" class=\"alignright size-medium wp-image-181076\" src=\"http:\/\/www.pcnen.com\/portal\/wp-content\/uploads\/2015\/05\/Dragan-Markovina-300x224.jpg\" alt=\"\" width=\"300\" height=\"224\" \/><strong>Pi\u0161e: Dragan Markovina<\/strong><\/p>\n<p>Sumanut i sramotan napad na vaterpoliste Crvene zvezde na splitskoj Rivi, koji su nakon toga logi\u010dno odustali od utakmice protiv Mornara predstavlja isklju\u010divo divlja\u010dko nasilje i ni\u0161ta vi\u0161e od toga. S tim \u0107e se naravno svatko razuman slo\u017eiti. No, oko uzroka takvog pona\u0161anja sigurno ne\u0107e. Stvar je pak vrlo jednostavna i za njezino razumijevanje nam ne trebaju ciklus tribina, velike sociolo\u0161ke rasprave i sli\u010dne stvari. Za\u0161to nam sve to nije potrebno? Pa iz jednostavnog razloga \u0161to ovaj napad nije nikoga zapravo iznenadio. Posramio i izazvao mu\u010dninu kod pristojnih ljudi, svakako jest, ali te\u0161ko da je nekoga iznenadio.<\/p>\n<p>Kad jedno dru\u0161tvo \u017eivi skoro tri desetlje\u0107a u kulturi nasilja i uporno o\u017eivljava ratne narative i netrpeljivost prema jednoj naciji ili neistomi\u0161ljenicima unutar dru\u0161tva, ono \u0107e logi\u010dno koristiti nasilje kao na\u010din komunikacije. Pri \u010demu je ovaj slu\u010daj naizgled jednostavan za tuma\u010denje, jer su napadnuti igra\u010di kluba koji simbolizira sve ono \u0161to hrvatski nacionalizam dr\u017ei za utjelovljenje arhineprijatelja, ali bilo bi banalno i nedovoljno zadr\u017eati se samo na tome.<\/p>\n<p>Nasilje je u dru\u0161tvu sveprisutno prema svima koji se na ovaj ili onaj na\u010din nalaze u manjini ili u podre\u0111enom polo\u017eaju. Bilo da je rije\u010d o nacionalnim, seksualnim ili ideolo\u0161kim manjinama, bilo da je rije\u010d o radnicima u privatnom sektoru, novinarima, nezavisnim intelektualcima. Svi su oni ve\u0107 dugi niz izlo\u017eeni tu\u017ebama, prijetnjama, dokidanjima zakonom garantiranih prava, a da vode\u0107i ljudi ove zemlje u svemu tome ne vide nikakav problem. Posljednji primjer takvog odnosa je premijerov komentar odnosa prema novinarima i medijima.<\/p>\n<p>Dok se \u010ditava bran\u0161a, od novinara, preko izdava\u010da, do me\u0111unarodnih organizacija zgra\u017ea nad sudskim tu\u017ebama usmjerenim protiv bilo kakvih kriti\u010dkih glasova, dotle u Vladi nojevski zabijaju glavu u pijesak, tvrde\u0107i da ni\u0161ta od toga nije to\u010dno. Istovremeno se dru\u0161tvo iznova militarizira i stalno poku\u0161ava odr\u017eati ratne narative \u017eivima, kao da od okon\u010danja rata nije pro\u0161lo gotovo \u010detvrt stolje\u0107a. Hrvatskom dru\u0161tvu, to je jasno ve\u0107 odavno, nu\u017eno treba izgradnja kulture mira i odmak od nacionalizma, ali je prili\u010dno izvjesno kako do toga ne\u0107e skoro do\u0107i.<\/p>\n<p>No, pored ovog problema, splitski napad ukazuje na jo\u0161 dvije vrlo problemati\u010dne stvari. Prva se odnosi na poraz mediteranske otvorenosti i ideje modernog, ljudima iz svih krajeva svijeta otvorenog grada, koji doista ima potencijal biti takav, ali ga konstantna produkcija nasilja pa i mr\u017enje od odre\u0111enih skupina stanovni\u0161tva i politi\u010dkih te civilnih dru\u0161tvenih organizacija u tome ko\u010di. Jer doista se, npr. nedavna odluka o promjeni ravnateljice Kinoteke ne mo\u017ee tuma\u010diti nikako druk\u010dije, nego kao nasilje.<\/p>\n<p>S druge pak strane, ovakvo ne\u0161to je i poraz Katoli\u010dke crkve, koja je definitivno najmo\u0107nija organizacija u Splitu, ali i u Hrvatskoj. Nemogu\u0107e je ne zapitati se kako je mogu\u0107e da se u gradu u kojem su vjernici velika ve\u0107ina doga\u0111a bilo kakvo nasilje, a posebno ono koje je potencirano mr\u017enjom, \u0161to jednako vrijedi za napad na beogradske vaterpoliste, kao i na sudionike prve povorke ponosa. Nasilje i mr\u017enja prema bilo kome predstavljaju izravnu negaciju biti kr\u0161\u0107anstva i nijedan iskreni vjernik ne bi u moralnom smislu mogao podnijeti takvo pona\u0161anje. No, da bi se ove jednostavne \u010dinjenice osvijestile, potrebno je da svi dru\u0161tveni autoriteti jasno imenuju ovo \u0161to se na Rivi dogodilo, a to se ne \u010dini pretjerano izglednim.<\/p>\n<p><a href=\"https:\/\/www.telegram.hr\/price\/kada-drustvo-30-godina-zivi-u-kulturi-nasilja-i-ratnih-narativa-ovakav-napad-ne-moze-ga-iznenaditi\/\" target=\"_blank\" rel=\"noopener\">Telegram.hr<\/a><\/p>\n","protected":false},"excerpt":{"rendered":"<p>Sumanut i sramotan napad na vaterpoliste Crvene zvezde na splitskoj Rivi<\/p>\n","protected":false},"author":1,"featured_media":0,"comment_status":"open","ping_status":"closed","sticky":false,"template":"","format":"standard","meta":{"_seopress_robots_primary_cat":"","_seopress_titles_title":"","_seopress_titles_desc":"","_seopress_robots_index":"","_et_pb_use_builder":"","_et_pb_old_content":"","_et_gb_content_width":"","inline_featured_image":false,"footnotes":""},"categories":[5],"tags":[],"class_list":["post-261103","post","type-post","status-publish","format-standard","hentry","category-drugi-pisu"],"_links":{"self":[{"href":"https:\/\/www.pcnen.com\/portal\/wp-json\/wp\/v2\/posts\/261103","targetHints":{"allow":["GET"]}}],"collection":[{"href":"https:\/\/www.pcnen.com\/portal\/wp-json\/wp\/v2\/posts"}],"about":[{"href":"https:\/\/www.pcnen.com\/portal\/wp-json\/wp\/v2\/types\/post"}],"author":[{"embeddable":true,"href":"https:\/\/www.pcnen.com\/portal\/wp-json\/wp\/v2\/users\/1"}],"replies":[{"embeddable":true,"href":"https:\/\/www.pcnen.com\/portal\/wp-json\/wp\/v2\/comments?post=261103"}],"version-history":[{"count":0,"href":"https:\/\/www.pcnen.com\/portal\/wp-json\/wp\/v2\/posts\/261103\/revisions"}],"wp:attachment":[{"href":"https:\/\/www.pcnen.com\/portal\/wp-json\/wp\/v2\/media?parent=261103"}],"wp:term":[{"taxonomy":"category","embeddable":true,"href":"https:\/\/www.pcnen.com\/portal\/wp-json\/wp\/v2\/categories?post=261103"},{"taxonomy":"post_tag","embeddable":true,"href":"https:\/\/www.pcnen.com\/portal\/wp-json\/wp\/v2\/tags?post=261103"}],"curies":[{"name":"wp","href":"https:\/\/api.w.org\/{rel}","templated":true}]}}