{"id":261097,"date":"2019-02-11T07:26:45","date_gmt":"2019-02-11T06:26:45","guid":{"rendered":"http:\/\/www.pcnen.com\/portal\/?p=261097"},"modified":"2019-02-11T07:27:50","modified_gmt":"2019-02-11T06:27:50","slug":"koliko-vrsta-suza-postoji","status":"publish","type":"post","link":"https:\/\/www.pcnen.com\/portal\/2019\/02\/11\/koliko-vrsta-suza-postoji\/","title":{"rendered":"Koliko vrsta suza postoji?"},"content":{"rendered":"<p><img loading=\"lazy\" decoding=\"async\" src=\"http:\/\/www.pcnen.com\/portal\/wp-content\/uploads\/2011\/08\/Pla\u010d.jpeg\" alt=\"\" width=\"82\" height=\"76\" class=\"alignright size-full wp-image-56785\" \/>Na u\u010destalost plakanja uti\u010de stres, suze naviru na o\u010di i u trenucima umora i neispavanosti. Osim bazalnih suza za za\u0161titu o\u010diju, javljaju se i refleksne i emocionalne.<\/p>\n<p>Pla\u010dete bez razmi\u0161ljanja o prirodi suza i njihovim osobinama. A trebalo bi, s obzirom na to da postoje tri vrste, u zavisnosti od njihove svrhe.<\/p>\n<p>Bazalne suze slu\u017ee za za\u0161titu o\u010diju i stalno su prisutne.<\/p>\n<p>Refleksne se javljaju kao odgovor na fizi\u010dke iritacije, kao u slu\u010daju seckanja crnog luka, upadanja truna u oko, dima, ne\u010deg ljutog&#8230;<\/p>\n<p>Emocionalne se javljaju u trenucima tuge i radosti.<\/p>\n<p>Nau\u010dnici sa Univerziteta Pensilvanija naveli su nekoliko karakteristi\u010dnih razloga za pla\u010d:<\/p>\n<p>Ustanovljeno je da na u\u010destalost plakanja uti\u010de stres, ta\u010dnije teskoba koju odre\u0111ena osoba u tim trenucima ose\u0107a. U\u010destalo plakanje mo\u017ee da bude i znak depresije, koja se naj\u010de\u0161\u0107e prepoznaje po gubitku energije i apetita, poreme\u0107aju raspolo\u017eenja i ose\u0107aju tuge.<\/p>\n<p>Iks hromozomi su razlog za\u0161to \u017eene \u010de\u0161\u0107e pla\u010du u odnosu na mu\u0161karce. S druge strane, mu\u0161ke suze su krupnije od \u017eenskih, zbog \u010dega pripadnicama ne\u017enijeg pola treba manja koli\u010dina suza da bi potekle niz obraze. Ba\u0161 zbog toga \u0161to su krupnije, mu\u0161karcu je lak\u0161e nego \u017eeni da ih obri\u0161e ili prikrije.<\/p>\n<p>Suze naviru na o\u010di i u trenucima umora i neispavanosti. Osobe koje u proseku spavaju izme\u0111u \u010detiri i pet sati s vremenom postaju tu\u017enije i razdra\u017eljivije, pa lako briznu u pla\u010d, \u010dak i kada naizgled ne postoji konkretan razlog za takvu vrstu emocionalnog pra\u017enjenja.<\/p>\n<p>novosti.rs<\/p>\n","protected":false},"excerpt":{"rendered":"<p>Mu\u0161ke suze su krupnije od \u017eenskih, zbog \u010dega pripadnicama nje\u017enijeg pola treba manja koli\u010dina suza da bi potekle niz obraze<\/p>\n","protected":false},"author":1,"featured_media":0,"comment_status":"open","ping_status":"closed","sticky":false,"template":"","format":"standard","meta":{"_seopress_robots_primary_cat":"","_seopress_titles_title":"","_seopress_titles_desc":"","_seopress_robots_index":"","_et_pb_use_builder":"","_et_pb_old_content":"","_et_gb_content_width":"","inline_featured_image":false,"footnotes":""},"categories":[8],"tags":[],"class_list":["post-261097","post","type-post","status-publish","format-standard","hentry","category-svastara"],"_links":{"self":[{"href":"https:\/\/www.pcnen.com\/portal\/wp-json\/wp\/v2\/posts\/261097","targetHints":{"allow":["GET"]}}],"collection":[{"href":"https:\/\/www.pcnen.com\/portal\/wp-json\/wp\/v2\/posts"}],"about":[{"href":"https:\/\/www.pcnen.com\/portal\/wp-json\/wp\/v2\/types\/post"}],"author":[{"embeddable":true,"href":"https:\/\/www.pcnen.com\/portal\/wp-json\/wp\/v2\/users\/1"}],"replies":[{"embeddable":true,"href":"https:\/\/www.pcnen.com\/portal\/wp-json\/wp\/v2\/comments?post=261097"}],"version-history":[{"count":0,"href":"https:\/\/www.pcnen.com\/portal\/wp-json\/wp\/v2\/posts\/261097\/revisions"}],"wp:attachment":[{"href":"https:\/\/www.pcnen.com\/portal\/wp-json\/wp\/v2\/media?parent=261097"}],"wp:term":[{"taxonomy":"category","embeddable":true,"href":"https:\/\/www.pcnen.com\/portal\/wp-json\/wp\/v2\/categories?post=261097"},{"taxonomy":"post_tag","embeddable":true,"href":"https:\/\/www.pcnen.com\/portal\/wp-json\/wp\/v2\/tags?post=261097"}],"curies":[{"name":"wp","href":"https:\/\/api.w.org\/{rel}","templated":true}]}}