{"id":261091,"date":"2019-02-10T20:47:26","date_gmt":"2019-02-10T19:47:26","guid":{"rendered":"http:\/\/www.pcnen.com\/portal\/?p=261091"},"modified":"2019-02-10T20:47:26","modified_gmt":"2019-02-10T19:47:26","slug":"kisovit-i-snjegovit-ponedjeljak","status":"publish","type":"post","link":"https:\/\/www.pcnen.com\/portal\/2019\/02\/10\/kisovit-i-snjegovit-ponedjeljak\/","title":{"rendered":"Ki\u0161ovit i snjegovit ponedjeljak"},"content":{"rendered":"<p><img loading=\"lazy\" decoding=\"async\" class=\"alignright size-full wp-image-74766\" src=\"http:\/\/www.pcnen.com\/portal\/wp-content\/uploads\/2012\/02\/snijeg-ote\u017eava-saobra\u0107aj-ilustracija.jpg\" alt=\"\" width=\"259\" height=\"194\" \/>Ponedjeljak \u0107e u Crnoj Gori biti u znaku ki\u0161e i snijega. Ponegdje se najavljuju pljuskovi sa grmljavinom.<\/p>\n<p>Susnje\u017eica i snijeg \u0107e se sa ni\u017eih spustiti tokom no\u0107i i u ni\u017ee predjele, pa \u0107e nave\u010de, ponegdje, i u centralnim djelovima zemlje, ki\u0161u zamjeniti susnje\u017eica i snijeg.<\/p>\n<p>Vjetar \u0107e duvati s juga i bi\u0107e poja\u010dan i jak, a na udare ponegdje i veoma jak. Poslije podne, postepeno \u0107e po\u010deti da duva sa sjevera i sjeveroistoka.<\/p>\n<p>Jutarnja temperatura vazduha bi\u0107e u rasponu od -1 do 9, a najvi\u0161a dnevna od 3 do 15 stepeni.<\/p>\n<p>U Podgorici \u0107e biti umjereno do potpuno obla\u010dno sa ki\u0161om. Bi\u0107e mogu\u0107i i pljuskovi sa grmljavinom. Vjetar ju\u017eni i jugoisto\u010dni bi\u0107e umjeren do poja\u010dan, a krajem dana \u0107e ga zamijeniti sjeverni i sjeveroisto\u010dni. Jutarnja temperatura vazduha bi\u0107e oko 8, a najvi\u0161a dnevna oko 12 stepeni.<\/p>\n<p><a href=\"http:\/\/www.meteo.co.me\/misc.php?text=121&amp;sektor=1&amp;grad=PLA\">Prognoza za ostale gradove.<\/a><\/p>\n","protected":false},"excerpt":{"rendered":"<p>Susnje\u017eica i snijeg \u0107e se sa ni\u017eih spustiti tokom no\u0107i i u ni\u017ee predjele<\/p>\n","protected":false},"author":1,"featured_media":0,"comment_status":"open","ping_status":"closed","sticky":false,"template":"","format":"standard","meta":{"_seopress_robots_primary_cat":"","_seopress_titles_title":"","_seopress_titles_desc":"","_seopress_robots_index":"","_et_pb_use_builder":"","_et_pb_old_content":"","_et_gb_content_width":"","inline_featured_image":false,"footnotes":""},"categories":[14,12],"tags":[],"class_list":["post-261091","post","type-post","status-publish","format-standard","hentry","category-vijesti","category-prica-dana"],"_links":{"self":[{"href":"https:\/\/www.pcnen.com\/portal\/wp-json\/wp\/v2\/posts\/261091","targetHints":{"allow":["GET"]}}],"collection":[{"href":"https:\/\/www.pcnen.com\/portal\/wp-json\/wp\/v2\/posts"}],"about":[{"href":"https:\/\/www.pcnen.com\/portal\/wp-json\/wp\/v2\/types\/post"}],"author":[{"embeddable":true,"href":"https:\/\/www.pcnen.com\/portal\/wp-json\/wp\/v2\/users\/1"}],"replies":[{"embeddable":true,"href":"https:\/\/www.pcnen.com\/portal\/wp-json\/wp\/v2\/comments?post=261091"}],"version-history":[{"count":0,"href":"https:\/\/www.pcnen.com\/portal\/wp-json\/wp\/v2\/posts\/261091\/revisions"}],"wp:attachment":[{"href":"https:\/\/www.pcnen.com\/portal\/wp-json\/wp\/v2\/media?parent=261091"}],"wp:term":[{"taxonomy":"category","embeddable":true,"href":"https:\/\/www.pcnen.com\/portal\/wp-json\/wp\/v2\/categories?post=261091"},{"taxonomy":"post_tag","embeddable":true,"href":"https:\/\/www.pcnen.com\/portal\/wp-json\/wp\/v2\/tags?post=261091"}],"curies":[{"name":"wp","href":"https:\/\/api.w.org\/{rel}","templated":true}]}}