{"id":261054,"date":"2019-02-10T06:10:04","date_gmt":"2019-02-10T05:10:04","guid":{"rendered":"http:\/\/www.pcnen.com\/portal\/?p=261054"},"modified":"2019-02-09T21:14:07","modified_gmt":"2019-02-09T20:14:07","slug":"sacuvajmo-drzavu-da-bi-je-oni-nastavili-pustositi","status":"publish","type":"post","link":"https:\/\/www.pcnen.com\/portal\/2019\/02\/10\/sacuvajmo-drzavu-da-bi-je-oni-nastavili-pustositi\/","title":{"rendered":"Sa\u010duvajmo dr\u017eavu da bi je oni nastavili pusto\u0161iti!"},"content":{"rendered":"<p><strong><img loading=\"lazy\" decoding=\"async\" class=\"alignright size-medium wp-image-140824\" src=\"http:\/\/www.pcnen.com\/portal\/wp-content\/uploads\/2014\/03\/kradja1-300x193.jpg\" alt=\"\" width=\"300\" height=\"193\" \/>Pi\u0161e: Amarildo Guti\u0107<\/strong><\/p>\n<p>Pokrenuto je do maksimuma politi\u010dko podzemlje Stranke demokratske akcije zarad o\u010duvanja vlasti na federalnom i \u201cnajva\u017enijem\u201d kantonu, onom sarajevskom. Udarila je sva medijska te \u201cfacebook i twiter armija\u201d, na najve\u0107eg neprijatelja dr\u017eave, kako su etiketirali \u201cNa\u0161u stranku\u201d. SDA kartel ozna\u010dio ih je kao mete koje mo\u017eete vrije\u0111ati i etiketirati, a sve to unaprijed amnestira i mogu\u0107e strana\u010dke nasilnike koji su spremni prijetnje provesti u djela.<\/p>\n<p>Stranka demokratske akcije tri je mjeseca konsolidovala redove nakon \u0161oka izbornim rezultatima i najave da bi savez SDP-a, Demokratska fronte i Na\u0161e stranke nazvan \u201cBH blok\u201d mogao bez njih formirati vlast na federalnoj razini te u jo\u0161 5 kantona. Potom su krenuli u kontraofanzivu, uz prethodnu svesrdnu pomo\u0107 iz sjene SBB-a, \u010ditaj njenog lidera.<\/p>\n<p>Odlu\u010dno NE zna\u010di NE<\/p>\n<p>Poziv \u201cBH bloku\u201d na dr\u017eavotvorno jedinstvo, \u0161togod ono zna\u010dilo, imalo je u stvari za cilj samo njihovo razbijanje. Kao \u0161to vidimo, ve\u0107 su uspje\u0161no podijelili SDP na frakcije.<\/p>\n<p>SDP, Demokratska fronta i Na\u0161a stranka propustili su svoju \u0161ansu u predizborno vrijeme. Tada\u0161nji jedinstveni nastup pod pla\u0161tom \u201cBH bloka\u201d mogao je rezultirati boljim izbornim rezultatima, dovoljnim da mogu eliminirati barem SDA i tako zaustaviti destrukciju koju produkuju SNSD i HDZ BiH. Ulazak u koaliciju sa SDA samo bi omogu\u0107io ovoj stranci da ih \u201cproguta\u201d.<\/p>\n<p>Jer, ovdje nije rije\u010d o \u201cudobnosti\u201d opozicije, nego o odbijanju matrice na kojoj dvadeset i vi\u0161e godina djeluje SDA.<\/p>\n<p>No problem i nastaje kada ne \u017eeli\u0161 biti dio \u201cudru\u017eenog kriminalnog poduhvata\u201d. SDA slijedi metod kojim se SNSD obru\u0161io na opoziciju u Republici Srpskoj. \u0160pijuni, dezerteri, strani pla\u0107enici, antipatriote koji \u017eele prodati i podijeliti BiH, samo su najbla\u017ee etikete, a ime i prezime Predraga Kojovi\u0107a postalo je dovoljan dokaz \u201copasnih namjera\u201d i \u201c\u010detni\u010dke ideologije\u201d.<\/p>\n<p>Fingiranje patriotizma<\/p>\n<p>Najava Bakira Izetbegovi\u0107a da \u0107e tobo\u017ee tra\u017eiti ukidanje naziva Republike Srpske poslu\u017eila je zagrijavanju atmosfere. Dok im \u010delni\u0161tvo priprema vezivanje zastava sa SNSD-om i HDZ-om, koje naziva razara\u010dima dr\u017eave samo u predizborno vrijeme, bijes strana\u010dkih vojnika na taj na\u010din je fokusiran.<\/p>\n<p>Treba barem privremeno odagnati u zaborav kako su SDA kadrovi plja\u010dka\u0161kom privatizacijom uni\u0161tili \u017eivote desetine hiljada radnika, kako su umrtvili zdravstveni i onepismenili obrazovni sistem, treba sakriti boga\u0107enje putem strana\u010dki interesnih tendera, na kojima su milijarde ve\u0107 nepotrebno potro\u0161ene.<\/p>\n<p>Treba zaboraviti na SDA koja je mirno gledala uru\u0161avanje pravosu\u0111a, jer je takvo, instruisano, upla\u0161eno, ucijenjeno ili kupljeno odgovaralo interesima strana\u010dkih tajkuna.<\/p>\n<p>Njima ne smetaju HDZ i SNSD jer su isti politi\u010dki profil zasnovan na otima\u010dini i plja\u010dki. Njima ne smeta \u0161to su stvorili prisilne ekonomske izgnanike, hiljade porodica koje su prinu\u0111ene tra\u017eiti egistenciju diljem Evrope.<\/p>\n<p>Zato nas sada, uz pomo\u0107 zapjenu\u0161anih strana\u010dkih udara\u010da tastatura na dru\u0161tvenim mre\u017eama, medija, bora\u010dkih udru\u017eenja, odanih sindikata i strana\u010dkog \u010dlanstva iz bud\u017eetskih kancelarija, poku\u0161avaju natjerati da zaboravimo sva poni\u017eenja koja smo pro\u017eivjeli pod svojevrsnom mentalnom i svakom drugom okupacijom nacionalisti\u010dkih stranaka.<\/p>\n<p>U vrijeme dok vlast u Kantonu Sarajevu broji tek nekoliko dana rada, iz SDA im prevr\u0107u svaku utro\u0161enu marku. Istovremeno, sa HDZ sabra\u0107om udvostru\u010duju poslani\u010dke pau\u0161ale u SBK, sa 500 na hiljadu maraka.<\/p>\n<p>Dr\u017eavotvornost i patriotizam SDA, ma dajte molim vas&#8230;<\/p>\n<p><a href=\"http:\/\/zurnal.info\/novost\/21874\/sacuvajmo-drzavu-da-bi-je-oni-nastavili-pustositi\">\u017durnal,info<\/a><\/p>\n","protected":false},"excerpt":{"rendered":"<p>Treba zaboraviti na SDA koja je mirno gledala uru\u0161avanje pravosu\u0111a, jer je takvo, instruisano, upla\u0161eno, ucijenjeno ili kupljeno odgovaralo interesima strana\u010dkih tajkuna<\/p>\n","protected":false},"author":1,"featured_media":0,"comment_status":"open","ping_status":"closed","sticky":false,"template":"","format":"standard","meta":{"_seopress_robots_primary_cat":"","_seopress_titles_title":"","_seopress_titles_desc":"","_seopress_robots_index":"","_et_pb_use_builder":"","_et_pb_old_content":"","_et_gb_content_width":"","inline_featured_image":false,"footnotes":""},"categories":[5],"tags":[],"class_list":["post-261054","post","type-post","status-publish","format-standard","hentry","category-drugi-pisu"],"_links":{"self":[{"href":"https:\/\/www.pcnen.com\/portal\/wp-json\/wp\/v2\/posts\/261054","targetHints":{"allow":["GET"]}}],"collection":[{"href":"https:\/\/www.pcnen.com\/portal\/wp-json\/wp\/v2\/posts"}],"about":[{"href":"https:\/\/www.pcnen.com\/portal\/wp-json\/wp\/v2\/types\/post"}],"author":[{"embeddable":true,"href":"https:\/\/www.pcnen.com\/portal\/wp-json\/wp\/v2\/users\/1"}],"replies":[{"embeddable":true,"href":"https:\/\/www.pcnen.com\/portal\/wp-json\/wp\/v2\/comments?post=261054"}],"version-history":[{"count":0,"href":"https:\/\/www.pcnen.com\/portal\/wp-json\/wp\/v2\/posts\/261054\/revisions"}],"wp:attachment":[{"href":"https:\/\/www.pcnen.com\/portal\/wp-json\/wp\/v2\/media?parent=261054"}],"wp:term":[{"taxonomy":"category","embeddable":true,"href":"https:\/\/www.pcnen.com\/portal\/wp-json\/wp\/v2\/categories?post=261054"},{"taxonomy":"post_tag","embeddable":true,"href":"https:\/\/www.pcnen.com\/portal\/wp-json\/wp\/v2\/tags?post=261054"}],"curies":[{"name":"wp","href":"https:\/\/api.w.org\/{rel}","templated":true}]}}