{"id":261030,"date":"2019-02-09T13:26:40","date_gmt":"2019-02-09T12:26:40","guid":{"rendered":"http:\/\/www.pcnen.com\/portal\/?p=261030"},"modified":"2019-02-09T13:26:40","modified_gmt":"2019-02-09T12:26:40","slug":"knezevic-markovicu-imate-istorijsku-sansu","status":"publish","type":"post","link":"https:\/\/www.pcnen.com\/portal\/2019\/02\/09\/knezevic-markovicu-imate-istorijsku-sansu\/","title":{"rendered":"Kne\u017eevi\u0107: Markovi\u0107u, imate istorijsku \u0161ansu"},"content":{"rendered":"<p><img loading=\"lazy\" decoding=\"async\" class=\"alignright size-medium wp-image-261031\" src=\"http:\/\/www.pcnen.com\/portal\/wp-content\/uploads\/2019\/02\/knezevic-markovic-300x155.jpg\" alt=\"\" width=\"300\" height=\"155\" srcset=\"https:\/\/www.pcnen.com\/portal\/wp-content\/uploads\/2019\/02\/knezevic-markovic.jpg 300w, https:\/\/www.pcnen.com\/portal\/wp-content\/uploads\/2019\/02\/knezevic-markovic-235x121.jpg 235w, https:\/\/www.pcnen.com\/portal\/wp-content\/uploads\/2019\/02\/knezevic-markovic-75x39.jpg 75w, https:\/\/www.pcnen.com\/portal\/wp-content\/uploads\/2019\/02\/knezevic-markovic-220x114.jpg 220w\" sizes=\"(max-width: 300px) 100vw, 300px\" \/>Nakon \u0161to je crnogorski premijer Du\u0161ko Markovi\u0107 <a class=\"alignright size-medium wp-image-261031\">href=&#8221;http:\/\/www.gov.me\/vijesti\/196005\/Vlada-podrzava-nezavisnost-institucija-ostaviti-organe-da-rade-bez-pritiska.html&#8221; rel=&#8221;noopener&#8221; target=&#8221;_blank&#8221;&gt;kratko odgovorio<\/a> na otvoreno pismo osumnji\u010denog predsjednika Atlas grupe Du\u0161ka Kne\u017eevi\u0107a, komentarom da \u201cVlada ne arbitrira o nadle\u017enostima ve\u0107 sna\u017eno podr\u017eava nezavisnost institucija i samostalnost u njihovom radu\u201d, te da \u201ctu\u017eila\u0161tvo, sudovi, regulator finansijskog sistema i organi za sprovo\u0111enje zakona treba i moraju da rade bez uticaja i pritiska kojem su u va\u0161em slu\u010daju izlo\u017eeni kroz neprimjerenu i neprihvatljivu kampanju va\u0161e kompanije, pojedinih medija i politi\u010dkih stranaka\u201d, Kne\u017eevi\u0107 je uzvratio optu\u017ebama na ra\u010dun pojedinih institucija, koje su se, kako tvrdi, ogrije\u0161ile o njegove kompanije.<\/p>\n<p>\u201cG. Markovi\u0107u, na moju \u017ealost Crna Gora nije ni blizu pravne dr\u017eave. Crna Gora je samo okvir za notorni kleptokratski sistem kojim rukovodi prva familija. U Crnoj Gori su najva\u017enije institucije zarobljene. Hobotnica kontroli\u0161e Privredni sud, Centralnu banku, Specijalno dr\u017eavno tu\u017eila\u0161tvo i Javni servis\u201d, ocijenio je Kne\u017eevi\u0107 u opirnom ogovoru.<\/p>\n<p>On je naveo da je \u201cglava kleptokratskog sistema umije\u0161ana u svaku privatizaciju\u201d i da \u201cnijedna strana investicija ne mo\u017ee da se realizuje ako on ne dobije svoj dio\u201d.<\/p>\n<p>\u201cOsim investicija, on vodi i spoljnu politiku. Bili ste u\u010desnik zajedni\u010dkih sastanaka u vili Atlas u Zeti, kada smo primali me\u0111unarodne investiture. Znate da posjedujem snimke sa tih sastanaka i znate zbog kojih okolnosti su ti investitori onemogu\u0107eni da sara\u0111uju sa Crnom Gorom\u201d, podsje\u0107a Kne\u017eevi\u0107 svoga imenjaka Markovi\u0107a.<\/p>\n<p>On je najavio da \u0107e inostranim medijima \u201ciznijeti sve zlo\u010dine\u201d koje je \u201cva\u0161 partijski \u0161ef i sada\u0161nji predsjednik dr\u017eave napravio\u201d.<\/p>\n<p>\u201cG. Markovi\u0107u, ponekad i ja popijem \u010daj od nane, iako znam da nije pretjerano ljekovit. Imate istorijsku ulogu da budete li\u010dnost koja \u0107e raskrstiti sa pro\u0161lo\u0161\u0107u, korumpiranim i atrofiranim dijelom DPS-a i da napravite \u010distu partiju bez tereta pro\u0161losti. Postoje\u0107a nas sve tjera u propast i prijeti da uni\u0161ti ekonomiju i bud\u017eet Crne Gore, koji je i sada na staklenim nogama. Molim vas da budete svjesni rizika u kojem se Crna Gora i njen narod nalaze\u201d, poru\u010dio je Kne\u017eevi\u0107.<\/p>\n","protected":false},"excerpt":{"rendered":"<p>Kne\u017eevi\u0107: Gospodine Markovi\u0107u, ponekad i ja popijem \u010daj od nane, iako znam da nije pretjerano ljekovit<\/p>\n","protected":false},"author":1,"featured_media":261031,"comment_status":"open","ping_status":"closed","sticky":false,"template":"","format":"standard","meta":{"_seopress_robots_primary_cat":"","_seopress_titles_title":"","_seopress_titles_desc":"","_seopress_robots_index":"","_et_pb_use_builder":"","_et_pb_old_content":"","_et_gb_content_width":"","inline_featured_image":false,"footnotes":""},"categories":[14,12],"tags":[],"class_list":["post-261030","post","type-post","status-publish","format-standard","has-post-thumbnail","hentry","category-vijesti","category-prica-dana"],"_links":{"self":[{"href":"https:\/\/www.pcnen.com\/portal\/wp-json\/wp\/v2\/posts\/261030","targetHints":{"allow":["GET"]}}],"collection":[{"href":"https:\/\/www.pcnen.com\/portal\/wp-json\/wp\/v2\/posts"}],"about":[{"href":"https:\/\/www.pcnen.com\/portal\/wp-json\/wp\/v2\/types\/post"}],"author":[{"embeddable":true,"href":"https:\/\/www.pcnen.com\/portal\/wp-json\/wp\/v2\/users\/1"}],"replies":[{"embeddable":true,"href":"https:\/\/www.pcnen.com\/portal\/wp-json\/wp\/v2\/comments?post=261030"}],"version-history":[{"count":0,"href":"https:\/\/www.pcnen.com\/portal\/wp-json\/wp\/v2\/posts\/261030\/revisions"}],"wp:featuredmedia":[{"embeddable":true,"href":"https:\/\/www.pcnen.com\/portal\/wp-json\/wp\/v2\/media\/261031"}],"wp:attachment":[{"href":"https:\/\/www.pcnen.com\/portal\/wp-json\/wp\/v2\/media?parent=261030"}],"wp:term":[{"taxonomy":"category","embeddable":true,"href":"https:\/\/www.pcnen.com\/portal\/wp-json\/wp\/v2\/categories?post=261030"},{"taxonomy":"post_tag","embeddable":true,"href":"https:\/\/www.pcnen.com\/portal\/wp-json\/wp\/v2\/tags?post=261030"}],"curies":[{"name":"wp","href":"https:\/\/api.w.org\/{rel}","templated":true}]}}