{"id":261018,"date":"2019-02-09T10:11:50","date_gmt":"2019-02-09T09:11:50","guid":{"rendered":"http:\/\/www.pcnen.com\/portal\/?p=261018"},"modified":"2019-02-09T10:12:10","modified_gmt":"2019-02-09T09:12:10","slug":"predsjednik-parlamenta-brajovic-izuzetan-lazni-svjedok","status":"publish","type":"post","link":"https:\/\/www.pcnen.com\/portal\/2019\/02\/09\/predsjednik-parlamenta-brajovic-izuzetan-lazni-svjedok\/","title":{"rendered":"Predsjednik parlamenta \u2018izuzetan la\u017eni svjedok\u2019?"},"content":{"rendered":"<p><img loading=\"lazy\" decoding=\"async\" class=\"alignright size-medium wp-image-217185\" src=\"http:\/\/www.pcnen.com\/portal\/wp-content\/uploads\/2016\/11\/brajovic-ivan-300x238.jpg\" alt=\"\" width=\"300\" height=\"238\" \/>Biv\u0161i nezavisni poslanik Mladen Bojani\u0107 je podnio Vi\u0161em dr\u017eavnom tu\u017eila\u0161tvu pritu\u017ebu za preispitivanje rje\u0161enja Osnovnog dr\u017eavnog tu\u017eila\u0161tva kojim je tre\u0107i put odba\u010dena prijava za la\u017eno svjedo\u010denje protiv lidera Socijaldemokrata i predsjednika Skup\u0161tine Ivana Brajovi\u0107a i jo\u0161 \u0161est odoba u slu\u010daju \u201cRamada\u201d, pi\u0161u Vijesti.<\/p>\n<p>Bojani\u0107 je pritu\u017ebu podnio zbog \u201cbitne povrede zakona i pogre\u0161no utvr\u0111enog \u010dinjeni\u010dkog stanja\u201d, navode\u0107i da mu Vi\u0161e dr\u017eavno tu\u017eila\u0161tvo do 31. januara teku\u0107e godine nije dostavilo informaciju da je internim aktom od 19. novembra 2018. godine potvrdilo odba\u010daj krivi\u010dne prijave protiv Brajovi\u0107a.<\/p>\n<p>Bojani\u0107 smatra nemogu\u0107im da Osnovno dr\u017eavno tu\u017eila\u0161tvo ne vidi la\u017ean iskaz u svjedo\u010denju Ivana Brajovi\u0107a, u kojem tvrdi da Direkcija za \u017eeljeznice Crne Gore nije platila tro\u0161kove odr\u017eavanja niti jednog skupa Socijaldemokrata, a sud \u010dinjeni\u010dno utvrdio da to ne odgovara istini, da je Direkcija platila tro\u0161kove dva skupa i za to krivi\u010dno djelo pravosna\u017eno osudio okrivljenog, <a href=\"https:\/\/www.vijesti.me\/vijesti\/politika\/zasto-je-ivan-brajovic-izuzetan-u-odnosu-na-druge-lazne-svjedoke\">pi\u0161u Vijesti.<\/a><\/p>\n","protected":false},"excerpt":{"rendered":"<p>Biv\u0161i nezavisni poslanik Mladen Bojani\u0107 je podnio Vi\u0161em dr\u017eavnom tu\u017eila\u0161tvu pritu\u017ebu za preispitivanje rje\u0161enja Osnovnog dr\u017eavnog tu\u017eila\u0161tva kojim je tre\u0107i put odba\u010dena prijava za la\u017eno svjedo\u010denje protiv lidera Socijaldemokrata i predsjednika Skup\u0161tine Ivana Brajovi\u0107a i jo\u0161 \u0161est odoba u slu\u010daju \u201cRamada\u201d, pi\u0161u Vijesti. Bojani\u0107 je pritu\u017ebu podnio zbog \u201cbitne povrede zakona i pogre\u0161no utvr\u0111enog \u010dinjeni\u010dkog [&hellip;]<\/p>\n","protected":false},"author":1,"featured_media":0,"comment_status":"open","ping_status":"closed","sticky":false,"template":"","format":"standard","meta":{"_seopress_robots_primary_cat":"","_seopress_titles_title":"","_seopress_titles_desc":"","_seopress_robots_index":"","_et_pb_use_builder":"","_et_pb_old_content":"","_et_gb_content_width":"","inline_featured_image":false,"footnotes":""},"categories":[14,12],"tags":[],"class_list":["post-261018","post","type-post","status-publish","format-standard","hentry","category-vijesti","category-prica-dana"],"_links":{"self":[{"href":"https:\/\/www.pcnen.com\/portal\/wp-json\/wp\/v2\/posts\/261018","targetHints":{"allow":["GET"]}}],"collection":[{"href":"https:\/\/www.pcnen.com\/portal\/wp-json\/wp\/v2\/posts"}],"about":[{"href":"https:\/\/www.pcnen.com\/portal\/wp-json\/wp\/v2\/types\/post"}],"author":[{"embeddable":true,"href":"https:\/\/www.pcnen.com\/portal\/wp-json\/wp\/v2\/users\/1"}],"replies":[{"embeddable":true,"href":"https:\/\/www.pcnen.com\/portal\/wp-json\/wp\/v2\/comments?post=261018"}],"version-history":[{"count":0,"href":"https:\/\/www.pcnen.com\/portal\/wp-json\/wp\/v2\/posts\/261018\/revisions"}],"wp:attachment":[{"href":"https:\/\/www.pcnen.com\/portal\/wp-json\/wp\/v2\/media?parent=261018"}],"wp:term":[{"taxonomy":"category","embeddable":true,"href":"https:\/\/www.pcnen.com\/portal\/wp-json\/wp\/v2\/categories?post=261018"},{"taxonomy":"post_tag","embeddable":true,"href":"https:\/\/www.pcnen.com\/portal\/wp-json\/wp\/v2\/tags?post=261018"}],"curies":[{"name":"wp","href":"https:\/\/api.w.org\/{rel}","templated":true}]}}