{"id":261016,"date":"2019-02-09T09:38:01","date_gmt":"2019-02-09T08:38:01","guid":{"rendered":"http:\/\/www.pcnen.com\/portal\/?p=261016"},"modified":"2019-02-09T09:38:01","modified_gmt":"2019-02-09T08:38:01","slug":"grcka-otvorila-vrata-sjevernoj-makedoniji-u-nato","status":"publish","type":"post","link":"https:\/\/www.pcnen.com\/portal\/2019\/02\/09\/grcka-otvorila-vrata-sjevernoj-makedoniji-u-nato\/","title":{"rendered":"Gr\u010dka otvorila vrata Sjevernoj Makedoniji u NATO"},"content":{"rendered":"<p><img loading=\"lazy\" decoding=\"async\" class=\"alignright  wp-image-105699\" src=\"http:\/\/www.pcnen.com\/portal\/wp-content\/uploads\/2013\/02\/nato-300x250.jpg\" alt=\"\" width=\"260\" height=\"217\" \/>Gr\u010dki parlament je sino\u0107 ratifikovao Pristupni protokol o prijemu Makedonije u NATO.<\/p>\n<p>\u010clanice NATO su potpisale sporazum sa Makedonijom ove sedmice, nekoliko dana nakon \u0161to je gr\u010dki parlament usvojio sporazum izme\u0111u Ati<\/p>\n<p>Nakon potpisivanju Pristupnog protokola, Makedonija sti\u010de pravo u\u010de\u0161\u0107a na sastancima NATO, ali bez prava glasa. Punopravna \u010dlanica posta\u0107e kada svih 29 zemalja Alijanse u svojim parlamentima ratifikuju Protokol.<\/p>\n<p>Gr\u010dka je gotovo tri decenije blokirala proces euroatlantske integracije Makedonije zbog spora oko imena, a sada je prva \u010dlanica NATO koja je ratifikovala Pristupni protokol.<\/p>\n","protected":false},"excerpt":{"rendered":"<p>Gr\u010dki parlament je sino\u0107 ratifikovao Pristupni protokol o prijemu Makedonije u NATO. \u010clanice NATO su potpisale sporazum sa Makedonijom ove sedmice, nekoliko dana nakon \u0161to je gr\u010dki parlament usvojio sporazum izme\u0111u Ati Nakon potpisivanju Pristupnog protokola, Makedonija sti\u010de pravo u\u010de\u0161\u0107a na sastancima NATO, ali bez prava glasa. Punopravna \u010dlanica posta\u0107e kada svih 29 zemalja Alijanse [&hellip;]<\/p>\n","protected":false},"author":1,"featured_media":0,"comment_status":"open","ping_status":"closed","sticky":false,"template":"","format":"standard","meta":{"_seopress_robots_primary_cat":"","_seopress_titles_title":"","_seopress_titles_desc":"","_seopress_robots_index":"","_et_pb_use_builder":"","_et_pb_old_content":"","_et_gb_content_width":"","inline_featured_image":false,"footnotes":""},"categories":[14,12],"tags":[],"class_list":["post-261016","post","type-post","status-publish","format-standard","hentry","category-vijesti","category-prica-dana"],"_links":{"self":[{"href":"https:\/\/www.pcnen.com\/portal\/wp-json\/wp\/v2\/posts\/261016","targetHints":{"allow":["GET"]}}],"collection":[{"href":"https:\/\/www.pcnen.com\/portal\/wp-json\/wp\/v2\/posts"}],"about":[{"href":"https:\/\/www.pcnen.com\/portal\/wp-json\/wp\/v2\/types\/post"}],"author":[{"embeddable":true,"href":"https:\/\/www.pcnen.com\/portal\/wp-json\/wp\/v2\/users\/1"}],"replies":[{"embeddable":true,"href":"https:\/\/www.pcnen.com\/portal\/wp-json\/wp\/v2\/comments?post=261016"}],"version-history":[{"count":0,"href":"https:\/\/www.pcnen.com\/portal\/wp-json\/wp\/v2\/posts\/261016\/revisions"}],"wp:attachment":[{"href":"https:\/\/www.pcnen.com\/portal\/wp-json\/wp\/v2\/media?parent=261016"}],"wp:term":[{"taxonomy":"category","embeddable":true,"href":"https:\/\/www.pcnen.com\/portal\/wp-json\/wp\/v2\/categories?post=261016"},{"taxonomy":"post_tag","embeddable":true,"href":"https:\/\/www.pcnen.com\/portal\/wp-json\/wp\/v2\/tags?post=261016"}],"curies":[{"name":"wp","href":"https:\/\/api.w.org\/{rel}","templated":true}]}}