{"id":260957,"date":"2019-02-07T16:47:01","date_gmt":"2019-02-07T15:47:01","guid":{"rendered":"http:\/\/www.pcnen.com\/portal\/?p=260957"},"modified":"2019-02-07T19:40:08","modified_gmt":"2019-02-07T18:40:08","slug":"bez-napretka-po-pitanju-bezbjednosti-novinara","status":"publish","type":"post","link":"https:\/\/www.pcnen.com\/portal\/2019\/02\/07\/bez-napretka-po-pitanju-bezbjednosti-novinara\/","title":{"rendered":"Bez napretka po pitanju bezbjednosti novinara"},"content":{"rendered":"<p><img loading=\"lazy\" decoding=\"async\" src=\"http:\/\/www.pcnen.com\/portal\/wp-content\/uploads\/2011\/08\/Novinarstvo-ilustracija.jpeg\" alt=\"\" width=\"225\" height=\"225\" class=\"alignright size-full wp-image-59132\" \/>U Crnoj Gori nema napretka kada je u pitanju bezbjednost novinara a od 2014. godine dogodila su se 33 napada na njih, saop\u0161teno je iz Sindikata medija.<\/p>\n<p>Rezultati istra\u017eivanja Sindikata medija Crne Gore &#8220;Indikatori nivoa medijskih sloboda i bezbjednosti novinara &#8211; Crna Gora 2018&#8221;, predstavljeni su danas.<\/p>\n<p>Predsjednica Sindikata, Marijana Camovi\u0107, rekla je da, imaju\u0107i u vidu da se pro\u0161le godine dogodio napad na Oliveru Laki\u0107, &#8220;ne da se nije ni\u0161ta pobolj\u0161alo ve\u0107 smo se vratiliu vrijeme kada su napadi na novinare bili normalna pojava&#8221;, prenosi Mina.<\/p>\n<p>&#8220;Svakako, nikakvog napretka nema&#8221;, smatra Camovi\u0107.<\/p>\n<p>Prema rezultatima ankete, svaki peti novinar nije slobodan da se u\u010dlani u sindikat, pokazala je ovogodi\u0161nja anketa. Istra\u017eivanje je pokazalo da svaki tre\u0107i novinar ima mali ili odre\u0111eni stepen slobode u odabiru pri\u010da na kojima \u0107e raditi, dok 68 odsto njih ima veliki stepen slobode u tome ili \u010dak apsolutnu slobodu.<\/p>\n<p>Skoro svaki drugi anketirani novinar kazao je da ima veliku slobodu u izboru sagovornika sa kojima \u0107e raditi, dok je svaki \u010detvrti novinar imao apsolutnu slobodu u tome. Istra\u017eivanje je ponovo pokazalo da postoji hijerarhija uticaja, odnosno da postoje osobe koje uti\u010du na rad novinara.<\/p>\n<p>Sude\u0107i po odgovorima ispitanika, cenzura uti\u010de na dio urednika i na skoro svakog tre\u0107eg novinara.<\/p>\n","protected":false},"excerpt":{"rendered":"<p>U Crnoj Gori nema napretka kada je u pitanju bezbjednost novinara a od 2014. godine dogodila su se 33 napada na njih, saop\u0161teno je iz Sindikata medija. Rezultati istra\u017eivanja Sindikata medija Crne Gore &#8220;Indikatori nivoa medijskih sloboda i bezbjednosti novinara &#8211; Crna Gora 2018&#8221;, predstavljeni su danas. Predsjednica Sindikata, Marijana Camovi\u0107, rekla je da, imaju\u0107i [&hellip;]<\/p>\n","protected":false},"author":1,"featured_media":0,"comment_status":"open","ping_status":"closed","sticky":false,"template":"","format":"standard","meta":{"_seopress_robots_primary_cat":"","_seopress_titles_title":"","_seopress_titles_desc":"","_seopress_robots_index":"","_et_pb_use_builder":"","_et_pb_old_content":"","_et_gb_content_width":"","inline_featured_image":false,"footnotes":""},"categories":[14,12],"tags":[],"class_list":["post-260957","post","type-post","status-publish","format-standard","hentry","category-vijesti","category-prica-dana"],"_links":{"self":[{"href":"https:\/\/www.pcnen.com\/portal\/wp-json\/wp\/v2\/posts\/260957","targetHints":{"allow":["GET"]}}],"collection":[{"href":"https:\/\/www.pcnen.com\/portal\/wp-json\/wp\/v2\/posts"}],"about":[{"href":"https:\/\/www.pcnen.com\/portal\/wp-json\/wp\/v2\/types\/post"}],"author":[{"embeddable":true,"href":"https:\/\/www.pcnen.com\/portal\/wp-json\/wp\/v2\/users\/1"}],"replies":[{"embeddable":true,"href":"https:\/\/www.pcnen.com\/portal\/wp-json\/wp\/v2\/comments?post=260957"}],"version-history":[{"count":0,"href":"https:\/\/www.pcnen.com\/portal\/wp-json\/wp\/v2\/posts\/260957\/revisions"}],"wp:attachment":[{"href":"https:\/\/www.pcnen.com\/portal\/wp-json\/wp\/v2\/media?parent=260957"}],"wp:term":[{"taxonomy":"category","embeddable":true,"href":"https:\/\/www.pcnen.com\/portal\/wp-json\/wp\/v2\/categories?post=260957"},{"taxonomy":"post_tag","embeddable":true,"href":"https:\/\/www.pcnen.com\/portal\/wp-json\/wp\/v2\/tags?post=260957"}],"curies":[{"name":"wp","href":"https:\/\/api.w.org\/{rel}","templated":true}]}}