{"id":260954,"date":"2019-02-07T16:05:17","date_gmt":"2019-02-07T15:05:17","guid":{"rendered":"http:\/\/www.pcnen.com\/portal\/?p=260954"},"modified":"2019-02-07T16:05:17","modified_gmt":"2019-02-07T15:05:17","slug":"protest-oduprise-zakazan-za-16-februar","status":"publish","type":"post","link":"https:\/\/www.pcnen.com\/portal\/2019\/02\/07\/protest-oduprise-zakazan-za-16-februar\/","title":{"rendered":"Protest  #Oduprise zakazan za 16. februar"},"content":{"rendered":"<p><img loading=\"lazy\" decoding=\"async\" src=\"http:\/\/www.pcnen.com\/portal\/wp-content\/uploads\/2019\/02\/odupri-se-300x157.png\" alt=\"\" width=\"300\" height=\"157\" class=\"alignright size-medium wp-image-260955\" \/>Ispred Vrhovnog dr\u017eavnog tu\u017eila\u0161tva u Ulici slobode u Podgorici za 16. februar u 18 \u010dasova najavljen je novi gra\u0111anski protest.<\/p>\n<p>Na protestu organizovanom <a href=\"http:\/\/www.pcnen.com\/portal\/2019\/02\/02\/odrzan-gradanski-protest-97000-odupri-se\/\">2. februara ispred VDT-a<\/a> okupilo se oko hiljadu gra\u0111ana.<\/p>\n<p>&#8220;Krajnje je vrijeme za udru\u017eenu akciju gra\u0111ana Crne Gore, koji ne pristaju da i dalje u\u010destvuju u simuliranju politi\u010dkog sistema. Trideset godina slu\u0161amo uvjeravanja kako na\u0161 sistem gradimo sami, kako imamo mogu\u0107nost upu\u0107ivanja zahtjeva i u\u010destvovanja u odlukama. Ipak, kad god uputimo glas kritike prema institucijama, kad god zahtijevamo dijalog i ukr\u0161tanje argumenata, sistem nas odbacuje. Odbacuje sopstvene gra\u0111ane i svim sredstvima poku\u0161ava da nas kompromituje, uti\u0161a i posva\u0111a&#8221;, navodi se u saop\u0161tenju D\u017eemala Perovi\u0107a, u ime inicijalnog organizacionog tima.<\/p>\n<p>Naveo je da iza organizatora protesta &#8220;stoji jedino direktiva savjesti i svijesti o tome da se svi zajedno moramo izboriti za temeljnu promjenu sistema&#8221;.<\/p>\n<p>&#8220;Na samo jedan poziv upu\u0107en javno, putem dru\u0161tvenih mre\u017ea i medija, okupili smo se u velikom broju. Toliko malo nam je trebalo da se pokrenemo i to kona\u010dno moramo da u\u010dinimo. Na\u0161em dru\u0161tvu je potrebna su\u0161tinska promjena sistema. Bilo kakva prikrivanja i \u0161minkanja postoje\u0107ih nakaznih pojava mogu dugoro\u010dno samo da \u0161tete na\u0161em dru\u0161tvu. Ipak, ubije\u0111eni smo da je, sada kad je iskra pokrenuta, promjena apsolutno nezaustavljiva. Po\u010detne zahtjeve ispostavi\u0107emo javnosti u narednim danima. Nagla\u0161avamo \u2013 po\u010detne, jer bi taj spisak mogao biti beskona\u010dan. Zahtjevi \u0107e precizno biti upu\u0107eni ba\u0161 onim institucijama kojima nas pozivaju da im vjerujemo. Povjerenje u njih odavno nemamo, a jo\u0161 jednom \u0107emo ga staviti na probu&#8221;, pi\u0161e u saop\u0161tenju dostavljenom medijima.<\/p>\n<p>Perovi\u0107 je naveo i da ulica nije jedini teren na kojem \u0107e se boriti za uspostavljanje funkcionalnog politi\u010dko-pravnog sistema u Crnoj Gori.<\/p>\n<p>&#8220;Na\u0161e podru\u010dje borbe mora da se \u0161iri. Odmah nakon subotnjih protesta otpo\u010delo je umre\u017eavanje gra\u0111ana, od kojih su mnogi ve\u0107 prepoznati borci za istinu i promjene. Putem dru\u0161tvenih mre\u017ea dobijamo brojne komentare i sugestije, i \u010dinjenica da se toliki broj gra\u0111ana uklju\u010duje i aktivira dodatno poja\u010dava ogromnu volju i nadu u pozitivan ishod. Svi mi slobodni gra\u0111ani, koji ne \u017eelimo da nam ispred ulaza zgrada eksplodiraju automobili, koji ne \u017eelimo da \u010duvamo novac u banci da bi nam on sjutra nestao, koji ne \u017eelimo da na izborima iskazujemo svoju volju protiv 97.000 eura, i koji ne \u017eelimo jo\u0161 97.000 sli\u010dnih nepravdi, imamo obavezu da se odupremo, i da se odupiremo sistemu svakog dana. Moramo da se borimo, radimo i hodamo zajedno, vjeruju\u0107i u na\u0161, zajedni\u010dki cilj. Me\u0111u nama \u0107e biti sugra\u0111ani koje volimo, a i oni s \u010dijim se idejama ne\u0107emo slagati. Ali ne smijemo da zaboravimo da smo svi mi ve\u0107 trideset godina \u017ertve ovog sistema, i zato moramo pokazati minimum razumijevanja jedni prema drugima. Trideset godina poku\u0161avaju da uru\u0161e povjerenje me\u0111u nama, ali nije im uspjelo. Poka\u017eimo im zajedno da mo\u017eemo. Oduprimo se. Vidimo se na Ulici Slobode 16. februara&#8221;, navodi se u saop\u0161tenju Perovi\u0107a<\/p>\n","protected":false},"excerpt":{"rendered":"<p>Ispred Vrhovnog dr\u017eavnog tu\u017eila\u0161tva u Ulici slobode u Podgorici za 16. februar u 18 \u010dasova najavljen je novi gra\u0111anski protest. Na protestu organizovanom 2. februara ispred VDT-a okupilo se oko hiljadu gra\u0111ana. &#8220;Krajnje je vrijeme za udru\u017eenu akciju gra\u0111ana Crne Gore, koji ne pristaju da i dalje u\u010destvuju u simuliranju politi\u010dkog sistema. Trideset godina slu\u0161amo [&hellip;]<\/p>\n","protected":false},"author":1,"featured_media":0,"comment_status":"open","ping_status":"closed","sticky":false,"template":"","format":"standard","meta":{"_seopress_robots_primary_cat":"","_seopress_titles_title":"","_seopress_titles_desc":"","_seopress_robots_index":"","_et_pb_use_builder":"","_et_pb_old_content":"","_et_gb_content_width":"","inline_featured_image":false,"footnotes":""},"categories":[14],"tags":[],"class_list":["post-260954","post","type-post","status-publish","format-standard","hentry","category-vijesti"],"_links":{"self":[{"href":"https:\/\/www.pcnen.com\/portal\/wp-json\/wp\/v2\/posts\/260954","targetHints":{"allow":["GET"]}}],"collection":[{"href":"https:\/\/www.pcnen.com\/portal\/wp-json\/wp\/v2\/posts"}],"about":[{"href":"https:\/\/www.pcnen.com\/portal\/wp-json\/wp\/v2\/types\/post"}],"author":[{"embeddable":true,"href":"https:\/\/www.pcnen.com\/portal\/wp-json\/wp\/v2\/users\/1"}],"replies":[{"embeddable":true,"href":"https:\/\/www.pcnen.com\/portal\/wp-json\/wp\/v2\/comments?post=260954"}],"version-history":[{"count":0,"href":"https:\/\/www.pcnen.com\/portal\/wp-json\/wp\/v2\/posts\/260954\/revisions"}],"wp:attachment":[{"href":"https:\/\/www.pcnen.com\/portal\/wp-json\/wp\/v2\/media?parent=260954"}],"wp:term":[{"taxonomy":"category","embeddable":true,"href":"https:\/\/www.pcnen.com\/portal\/wp-json\/wp\/v2\/categories?post=260954"},{"taxonomy":"post_tag","embeddable":true,"href":"https:\/\/www.pcnen.com\/portal\/wp-json\/wp\/v2\/tags?post=260954"}],"curies":[{"name":"wp","href":"https:\/\/api.w.org\/{rel}","templated":true}]}}