{"id":260909,"date":"2019-02-06T20:01:00","date_gmt":"2019-02-06T19:01:00","guid":{"rendered":"http:\/\/www.pcnen.com\/portal\/?p=260909"},"modified":"2019-02-06T20:01:00","modified_gmt":"2019-02-06T19:01:00","slug":"pretezno-suncano-114","status":"publish","type":"post","link":"https:\/\/www.pcnen.com\/portal\/2019\/02\/06\/pretezno-suncano-114\/","title":{"rendered":"Prete\u017eno sun\u010dano"},"content":{"rendered":"<p><img loading=\"lazy\" decoding=\"async\" class=\"alignright size-medium wp-image-74445\" src=\"http:\/\/www.pcnen.com\/portal\/wp-content\/uploads\/2012\/02\/\u017dabljak-i-Durmitor-300x198.jpg\" alt=\"\" width=\"300\" height=\"198\" \/>Prete\u017eno sun\u010dano bi\u0107e u \u010detvrtak u Crnoj Gori, ali \u0107e slabe do umjerene obla\u010dnosti biti mjestimi\u010dno.<\/p>\n<p>Na sjeveru zemlje \u0107e ujutru ili prijepodne obla\u010dnost biti pove\u0107ana, a bi\u0107e mogu\u0107a i magla.<\/p>\n<p>Sjeveroisto\u010dni vjetar bi\u0107e slab do umjeren i promjenljiv; ponegdje \u0107e biti umjeren do poja\u010dan ujutru i tokom prijepodneva.<\/p>\n<p>Jutarnja temperatura vazduha bi\u0107e u rasponu od -7 do 8, a najvi\u0161a dnevna od 2 do 17 stepeni.<\/p>\n<p>U Podgorici \u0107e biti prete\u017eno sun\u010dano, uz umjerenu obla\u010dnost u jutarnjim satima. Sjeveroisto\u010dni vjetar \u0107e biti umjeren tokom jutra. Temperatura vazduha bi\u0107e oko 4 ujutru, a najvi\u0161a dnevna \u0107e se kretati oko 15 stepeni.<\/p>\n<p><a href=\"http:\/\/www.meteo.co.me\/misc.php?text=121&amp;sektor=1&amp;grad=KOL\">Prognoza za ostale gradove.<\/a><\/p>\n","protected":false},"excerpt":{"rendered":"<p>Na sjeveru CG \u0107e ujutru ili prijepodne obla\u010dnost biti pove\u0107ana, a bi\u0107e mogu\u0107a i magla<\/p>\n","protected":false},"author":1,"featured_media":0,"comment_status":"open","ping_status":"closed","sticky":false,"template":"","format":"standard","meta":{"_seopress_robots_primary_cat":"","_seopress_titles_title":"","_seopress_titles_desc":"","_seopress_robots_index":"","_et_pb_use_builder":"","_et_pb_old_content":"","_et_gb_content_width":"","inline_featured_image":false,"footnotes":""},"categories":[14,12],"tags":[],"class_list":["post-260909","post","type-post","status-publish","format-standard","hentry","category-vijesti","category-prica-dana"],"_links":{"self":[{"href":"https:\/\/www.pcnen.com\/portal\/wp-json\/wp\/v2\/posts\/260909","targetHints":{"allow":["GET"]}}],"collection":[{"href":"https:\/\/www.pcnen.com\/portal\/wp-json\/wp\/v2\/posts"}],"about":[{"href":"https:\/\/www.pcnen.com\/portal\/wp-json\/wp\/v2\/types\/post"}],"author":[{"embeddable":true,"href":"https:\/\/www.pcnen.com\/portal\/wp-json\/wp\/v2\/users\/1"}],"replies":[{"embeddable":true,"href":"https:\/\/www.pcnen.com\/portal\/wp-json\/wp\/v2\/comments?post=260909"}],"version-history":[{"count":0,"href":"https:\/\/www.pcnen.com\/portal\/wp-json\/wp\/v2\/posts\/260909\/revisions"}],"wp:attachment":[{"href":"https:\/\/www.pcnen.com\/portal\/wp-json\/wp\/v2\/media?parent=260909"}],"wp:term":[{"taxonomy":"category","embeddable":true,"href":"https:\/\/www.pcnen.com\/portal\/wp-json\/wp\/v2\/categories?post=260909"},{"taxonomy":"post_tag","embeddable":true,"href":"https:\/\/www.pcnen.com\/portal\/wp-json\/wp\/v2\/tags?post=260909"}],"curies":[{"name":"wp","href":"https:\/\/api.w.org\/{rel}","templated":true}]}}