{"id":260882,"date":"2019-02-06T11:53:49","date_gmt":"2019-02-06T10:53:49","guid":{"rendered":"http:\/\/www.pcnen.com\/portal\/?p=260882"},"modified":"2019-02-06T13:21:00","modified_gmt":"2019-02-06T12:21:00","slug":"makedonija-potpisala-sporazum-o-ulasku-u-nato","status":"publish","type":"post","link":"https:\/\/www.pcnen.com\/portal\/2019\/02\/06\/makedonija-potpisala-sporazum-o-ulasku-u-nato\/","title":{"rendered":"Makedonija potpisala sporazum o ulasku u NATO"},"content":{"rendered":"<p><img loading=\"lazy\" decoding=\"async\" class=\"alignright size-full wp-image-207363\" src=\"http:\/\/www.pcnen.com\/portal\/wp-content\/uploads\/2016\/06\/nato.jpg\" alt=\"\" width=\"259\" height=\"194\" \/>Ambasadori 29 dr\u017eava NATO i Makedonije potpisali su u Briselu protokol o stupanju ove dr\u017eave u organizaciju u prisustvu generalnog sekretara Alijanse \u0408ensa Stoltrenberga i \u0161efa diplomatije Makedonije Nikole Dimitrova.<\/p>\n<p>Protokol \u0107e uskoro biti predat na ratifikaciju dr\u017eavama Alijanse, a tek nakon toga ga mo\u017ee ratifikovati Makedonija, prenosi sputniknews.com.<\/p>\n<p>O\u010dekuje se da \u0107e ova procedura biti zavr\u0161ena krajem ove godine i da \u0107e dr\u017eava zvani\u010dno postati \u010dlanica NATO na samitu Alijanse u Londonu u decembru, kada \u0107e blok obilje\u017eiti 70 godina od osnivanja.<\/p>\n<p>Radi stupanja u NATO Makedonija je morala da promijeni ime u Republika Sjeverna Makedonija.<\/p>\n","protected":false},"excerpt":{"rendered":"<p>Ambasadori 29 dr\u017eava NATO i Makedonije potpisali su u Briselu protokol o stupanju ove dr\u017eave u organizaciju u prisustvu generalnog sekretara Alijanse \u0408ensa Stoltrenberga i \u0161efa diplomatije Makedonije Nikole Dimitrova. Protokol \u0107e uskoro biti predat na ratifikaciju dr\u017eavama Alijanse, a tek nakon toga ga mo\u017ee ratifikovati Makedonija, prenosi sputniknews.com. O\u010dekuje se da \u0107e ova procedura [&hellip;]<\/p>\n","protected":false},"author":1,"featured_media":0,"comment_status":"open","ping_status":"closed","sticky":false,"template":"","format":"standard","meta":{"_seopress_robots_primary_cat":"","_seopress_titles_title":"","_seopress_titles_desc":"","_seopress_robots_index":"","_et_pb_use_builder":"","_et_pb_old_content":"","_et_gb_content_width":"","inline_featured_image":false,"footnotes":""},"categories":[14,12],"tags":[],"class_list":["post-260882","post","type-post","status-publish","format-standard","hentry","category-vijesti","category-prica-dana"],"_links":{"self":[{"href":"https:\/\/www.pcnen.com\/portal\/wp-json\/wp\/v2\/posts\/260882","targetHints":{"allow":["GET"]}}],"collection":[{"href":"https:\/\/www.pcnen.com\/portal\/wp-json\/wp\/v2\/posts"}],"about":[{"href":"https:\/\/www.pcnen.com\/portal\/wp-json\/wp\/v2\/types\/post"}],"author":[{"embeddable":true,"href":"https:\/\/www.pcnen.com\/portal\/wp-json\/wp\/v2\/users\/1"}],"replies":[{"embeddable":true,"href":"https:\/\/www.pcnen.com\/portal\/wp-json\/wp\/v2\/comments?post=260882"}],"version-history":[{"count":0,"href":"https:\/\/www.pcnen.com\/portal\/wp-json\/wp\/v2\/posts\/260882\/revisions"}],"wp:attachment":[{"href":"https:\/\/www.pcnen.com\/portal\/wp-json\/wp\/v2\/media?parent=260882"}],"wp:term":[{"taxonomy":"category","embeddable":true,"href":"https:\/\/www.pcnen.com\/portal\/wp-json\/wp\/v2\/categories?post=260882"},{"taxonomy":"post_tag","embeddable":true,"href":"https:\/\/www.pcnen.com\/portal\/wp-json\/wp\/v2\/tags?post=260882"}],"curies":[{"name":"wp","href":"https:\/\/api.w.org\/{rel}","templated":true}]}}