{"id":260826,"date":"2019-02-05T08:21:07","date_gmt":"2019-02-05T07:21:07","guid":{"rendered":"http:\/\/www.pcnen.com\/portal\/?p=260826"},"modified":"2019-02-05T08:21:07","modified_gmt":"2019-02-05T07:21:07","slug":"bojanic-ocekujem-jos-dokaza-i-dukanovicevu-ostavku","status":"publish","type":"post","link":"https:\/\/www.pcnen.com\/portal\/2019\/02\/05\/bojanic-ocekujem-jos-dokaza-i-dukanovicevu-ostavku\/","title":{"rendered":"Bojani\u0107: O\u010dekujem jo\u0161 dokaza i \u0110ukanovi\u0107evu ostavku"},"content":{"rendered":"<p><img loading=\"lazy\" decoding=\"async\" class=\"alignright size-medium wp-image-189359\" src=\"http:\/\/www.pcnen.com\/portal\/wp-content\/uploads\/2015\/09\/mladen_bojanic-300x223.jpg\" alt=\"\" width=\"300\" height=\"223\" \/>Mladen Bojani\u0107, predsjedni\u010dki kandidat opozicije na posljednjim izborima i biv\u0161i poslanik, ocjenjuje da su predsjedniku Crne Gore Milu \u0110ukanovi\u0107u odbrojani politi\u010dki dani i da bi on trebao da podnese ostavku.<\/p>\n<p>\u201cO\u010dekujem jo\u0161 dokaza, pritisak javnosti \u0107e rasti iz dana u dan, a kada to preraste u masovan gra\u0111anski otpor korupciji i kriminalu, \u0110ukanovi\u0107 \u0107e postati teret, prvo za me\u0111unarodne partnere, a na kraju i za sami DPS. Osta\u0107e sam i ostavka \u0107e mu biti jedini izlaz. \u041aoliko \u0107e to trajati, zavisi od mnogo faktora, ali sam siguran da ne\u0107e zaklju\u010diti ovu godinu na aktuelnoj funkciji\u201d, rekao je Bojani\u0107 za portal IN4S.<\/p>\n<p>On o\u010dekuje \u201cburan politi\u010dko-medijski rasplet\u201d, koji \u0110ukanovi\u0107 ne\u0107e \u201c\u010dekati skr\u0161tenih ruku\u201d.<\/p>\n<p>\u201cMislim da nije problem u broju ili veli\u010dini afera, problem vidim u nespremnosti mnogih gra\u0111ana da priznaju sami sebi da se ovo de\u0161ava. Mnogi, zbog svojih li\u010dnih, svejedno da li krupnih ili sitnih, interesa ili iracionalnih strahova za li\u010dnu egzistenciju, ne \u017eele da se suo\u010de sa \u010dinjenicama. Radije biraju da zatvore o\u010di dok sve ne pro\u0111e. A onda \u0107e, zavisno od razvoja situacije, ponovo podr\u017eavati vlast ko god je \u010dinio. Priznajem, nije lako otrgnuti se od hobotnice koja davi ovo dru\u0161tvo bezmalo tri decenije. Ali kao i svemu, i tome mora do\u0107i kraj. Iskreno se nadam da ne\u0107emo jo\u0161 dugo \u010dekati\u201d, <a href=\"https:\/\/www.in4s.net\/bojanic-za-in4s-milu-odbrojani-politicki-dani-ostavka-jedini-izlaz\/\">rekao je Bojani\u0107 za IN4S.<\/a><\/p>\n","protected":false},"excerpt":{"rendered":"<p>\u0110ukanovi\u0107 \u0107e postati teret, prvo za me\u0111unarodne partnere, a na kraju i za sami DPS<\/p>\n","protected":false},"author":1,"featured_media":0,"comment_status":"open","ping_status":"closed","sticky":false,"template":"","format":"standard","meta":{"_seopress_robots_primary_cat":"","_seopress_titles_title":"","_seopress_titles_desc":"","_seopress_robots_index":"","_et_pb_use_builder":"","_et_pb_old_content":"","_et_gb_content_width":"","inline_featured_image":false,"footnotes":""},"categories":[14,12],"tags":[],"class_list":["post-260826","post","type-post","status-publish","format-standard","hentry","category-vijesti","category-prica-dana"],"_links":{"self":[{"href":"https:\/\/www.pcnen.com\/portal\/wp-json\/wp\/v2\/posts\/260826","targetHints":{"allow":["GET"]}}],"collection":[{"href":"https:\/\/www.pcnen.com\/portal\/wp-json\/wp\/v2\/posts"}],"about":[{"href":"https:\/\/www.pcnen.com\/portal\/wp-json\/wp\/v2\/types\/post"}],"author":[{"embeddable":true,"href":"https:\/\/www.pcnen.com\/portal\/wp-json\/wp\/v2\/users\/1"}],"replies":[{"embeddable":true,"href":"https:\/\/www.pcnen.com\/portal\/wp-json\/wp\/v2\/comments?post=260826"}],"version-history":[{"count":0,"href":"https:\/\/www.pcnen.com\/portal\/wp-json\/wp\/v2\/posts\/260826\/revisions"}],"wp:attachment":[{"href":"https:\/\/www.pcnen.com\/portal\/wp-json\/wp\/v2\/media?parent=260826"}],"wp:term":[{"taxonomy":"category","embeddable":true,"href":"https:\/\/www.pcnen.com\/portal\/wp-json\/wp\/v2\/categories?post=260826"},{"taxonomy":"post_tag","embeddable":true,"href":"https:\/\/www.pcnen.com\/portal\/wp-json\/wp\/v2\/tags?post=260826"}],"curies":[{"name":"wp","href":"https:\/\/api.w.org\/{rel}","templated":true}]}}