{"id":260812,"date":"2019-02-04T22:18:55","date_gmt":"2019-02-04T21:18:55","guid":{"rendered":"http:\/\/www.pcnen.com\/portal\/?p=260812"},"modified":"2019-02-04T22:18:55","modified_gmt":"2019-02-04T21:18:55","slug":"malo-sunca-malo-oblaka","status":"publish","type":"post","link":"https:\/\/www.pcnen.com\/portal\/2019\/02\/04\/malo-sunca-malo-oblaka\/","title":{"rendered":"Malo sunca, malo oblaka"},"content":{"rendered":"<p><img loading=\"lazy\" decoding=\"async\" src=\"http:\/\/www.pcnen.com\/portal\/wp-content\/uploads\/2016\/11\/sunce_i_oblaci-300x200.jpg\" alt=\"\" width=\"300\" height=\"200\" class=\"alignright size-medium wp-image-216613\" \/>Na jugu i u centralnoj Crnoj Gori u utorak \u0107e biti umjereno obla\u010dno sa dosta sun\u010danih intervala. <\/p>\n<p>Umjereno do potpuno obla\u010dno i uglavnom suvo, \u0107e biti i na sjeveru, a tokom jutra po kotlinama je mogu\u0107a kratkotrajno magla. <\/p>\n<p>Vjetar \u0107e biti sjeverni i sjeveroisto\u010dni, slab do umjeren, na primorju ponegdje i poja\u010dan, tokom no\u0107i u cijeloj zemlji u poja\u010danju. <\/p>\n<p>Jutarnja temperatura vazduha kreta\u0107e se od -3 do 9, najvi\u0161a dnevna 1 do 17 stepeni.<\/p>\n<p>U Podgorici \u0107e biti prete\u017eno sun\u010dano ili malo do umjereno obla\u010dno. Duva\u0107e slab do umjeren tokom no\u0107i poja\u010dan i jak sjeveroisto\u010dni vjetar.<\/p>\n<p>Jutarnja temperatura vazduha bi\u0107e oko 6, najvi\u0161a dnevna do 16 stepeni.<\/p>\n<p><a href=\"http:\/\/www.meteo.co.me\/misc.php?text=121&amp;sektor=1&amp;grad=BIJ\">Prognoza za ostale gradove.<\/a><\/p>\n","protected":false},"excerpt":{"rendered":"<p>Na jugu i u centralnoj Crnoj Gori u utorak \u0107e biti umjereno obla\u010dno sa dosta sun\u010danih intervala. Umjereno do potpuno obla\u010dno i uglavnom suvo, \u0107e biti i na sjeveru, a tokom jutra po kotlinama je mogu\u0107a kratkotrajno magla. Vjetar \u0107e biti sjeverni i sjeveroisto\u010dni, slab do umjeren, na primorju ponegdje i poja\u010dan, tokom no\u0107i u [&hellip;]<\/p>\n","protected":false},"author":1,"featured_media":0,"comment_status":"open","ping_status":"closed","sticky":false,"template":"","format":"standard","meta":{"_seopress_robots_primary_cat":"","_seopress_titles_title":"","_seopress_titles_desc":"","_seopress_robots_index":"","_et_pb_use_builder":"","_et_pb_old_content":"","_et_gb_content_width":"","inline_featured_image":false,"footnotes":""},"categories":[14,12],"tags":[],"class_list":["post-260812","post","type-post","status-publish","format-standard","hentry","category-vijesti","category-prica-dana"],"_links":{"self":[{"href":"https:\/\/www.pcnen.com\/portal\/wp-json\/wp\/v2\/posts\/260812","targetHints":{"allow":["GET"]}}],"collection":[{"href":"https:\/\/www.pcnen.com\/portal\/wp-json\/wp\/v2\/posts"}],"about":[{"href":"https:\/\/www.pcnen.com\/portal\/wp-json\/wp\/v2\/types\/post"}],"author":[{"embeddable":true,"href":"https:\/\/www.pcnen.com\/portal\/wp-json\/wp\/v2\/users\/1"}],"replies":[{"embeddable":true,"href":"https:\/\/www.pcnen.com\/portal\/wp-json\/wp\/v2\/comments?post=260812"}],"version-history":[{"count":0,"href":"https:\/\/www.pcnen.com\/portal\/wp-json\/wp\/v2\/posts\/260812\/revisions"}],"wp:attachment":[{"href":"https:\/\/www.pcnen.com\/portal\/wp-json\/wp\/v2\/media?parent=260812"}],"wp:term":[{"taxonomy":"category","embeddable":true,"href":"https:\/\/www.pcnen.com\/portal\/wp-json\/wp\/v2\/categories?post=260812"},{"taxonomy":"post_tag","embeddable":true,"href":"https:\/\/www.pcnen.com\/portal\/wp-json\/wp\/v2\/tags?post=260812"}],"curies":[{"name":"wp","href":"https:\/\/api.w.org\/{rel}","templated":true}]}}