{"id":260793,"date":"2019-02-04T08:37:05","date_gmt":"2019-02-04T07:37:05","guid":{"rendered":"http:\/\/www.pcnen.com\/portal\/?p=260793"},"modified":"2019-02-04T08:37:05","modified_gmt":"2019-02-04T07:37:05","slug":"facebook-danas-slavi-15-rodendan","status":"publish","type":"post","link":"https:\/\/www.pcnen.com\/portal\/2019\/02\/04\/facebook-danas-slavi-15-rodendan\/","title":{"rendered":"Facebook danas slavi 15 ro\u0111endan"},"content":{"rendered":"<p><img loading=\"lazy\" decoding=\"async\" class=\"alignright size-medium wp-image-212935\" src=\"http:\/\/www.pcnen.com\/portal\/wp-content\/uploads\/2016\/09\/Facebook-sreca-300x220.jpg\" alt=\"\" width=\"300\" height=\"220\" \/>Na dana\u0161nji dan prije 15 godina, Mark Cukerberg je u svojoj studentskoj sobi na Harvardu pokrenuo dru\u0161tvenu mre\u017eu <a href=\"https:\/\/sh.wikipedia.org\/wiki\/Facebook\">Facebook<\/a> koju sada koristi 2,3 milijarde ljudi za razmjenu informacija i povezivanje.<\/p>\n<p>Facebook je vlasnik i aplikacija poput Instagrama, Messengera i WhatsAppa, od kojih svaka ima vi\u0161e od milijardu korisnika.<\/p>\n<p>Facebook je pro\u0161le godine bio upleten u niz skandala u vezi sa za\u0161titom podataka i kr\u0161enjem privatnosti korisnika te bojazni da vode\u0107om svjetskom dru\u0161tvenom mre\u017eom manipuli\u0161u strani interesi za vlastitu politi\u010dku korist, podsje\u0107a <a href=\"https:\/\/www.index.hr\/vijesti\/clanak\/prije-15-godina-zuckerberg-je-u-svojoj-sobi-na-harvardu-pokrenuo-facebook\/2061275.aspx\">portal Index.hr.<\/a><\/p>\n","protected":false},"excerpt":{"rendered":"<p>Na dana\u0161nji dan prije 15 godina, Mark Cukerberg je u svojoj studentskoj sobi na Harvardu pokrenuo dru\u0161tvenu mre\u017eu Facebook koju sada koristi 2,3 milijarde ljudi za razmjenu informacija i povezivanje. Facebook je vlasnik i aplikacija poput Instagrama, Messengera i WhatsAppa, od kojih svaka ima vi\u0161e od milijardu korisnika. Facebook je pro\u0161le godine bio upleten u [&hellip;]<\/p>\n","protected":false},"author":1,"featured_media":0,"comment_status":"open","ping_status":"closed","sticky":false,"template":"","format":"standard","meta":{"_seopress_robots_primary_cat":"","_seopress_titles_title":"","_seopress_titles_desc":"","_seopress_robots_index":"","_et_pb_use_builder":"","_et_pb_old_content":"","_et_gb_content_width":"","inline_featured_image":false,"footnotes":""},"categories":[14,12],"tags":[],"class_list":["post-260793","post","type-post","status-publish","format-standard","hentry","category-vijesti","category-prica-dana"],"_links":{"self":[{"href":"https:\/\/www.pcnen.com\/portal\/wp-json\/wp\/v2\/posts\/260793","targetHints":{"allow":["GET"]}}],"collection":[{"href":"https:\/\/www.pcnen.com\/portal\/wp-json\/wp\/v2\/posts"}],"about":[{"href":"https:\/\/www.pcnen.com\/portal\/wp-json\/wp\/v2\/types\/post"}],"author":[{"embeddable":true,"href":"https:\/\/www.pcnen.com\/portal\/wp-json\/wp\/v2\/users\/1"}],"replies":[{"embeddable":true,"href":"https:\/\/www.pcnen.com\/portal\/wp-json\/wp\/v2\/comments?post=260793"}],"version-history":[{"count":0,"href":"https:\/\/www.pcnen.com\/portal\/wp-json\/wp\/v2\/posts\/260793\/revisions"}],"wp:attachment":[{"href":"https:\/\/www.pcnen.com\/portal\/wp-json\/wp\/v2\/media?parent=260793"}],"wp:term":[{"taxonomy":"category","embeddable":true,"href":"https:\/\/www.pcnen.com\/portal\/wp-json\/wp\/v2\/categories?post=260793"},{"taxonomy":"post_tag","embeddable":true,"href":"https:\/\/www.pcnen.com\/portal\/wp-json\/wp\/v2\/tags?post=260793"}],"curies":[{"name":"wp","href":"https:\/\/api.w.org\/{rel}","templated":true}]}}