{"id":260791,"date":"2019-02-04T08:18:13","date_gmt":"2019-02-04T07:18:13","guid":{"rendered":"http:\/\/www.pcnen.com\/portal\/?p=260791"},"modified":"2019-02-04T08:18:13","modified_gmt":"2019-02-04T07:18:13","slug":"svjedok-legija-i-jovanovic-su-bili-pod-jurisdikcijom-mup-srbije","status":"publish","type":"post","link":"https:\/\/www.pcnen.com\/portal\/2019\/02\/04\/svjedok-legija-i-jovanovic-su-bili-pod-jurisdikcijom-mup-srbije\/","title":{"rendered":"Svjedok: Legija i Jovanovi\u0107 su bili pod jurisdikcijom MUP Srbije"},"content":{"rendered":"<p><img loading=\"lazy\" decoding=\"async\" class=\"alignright size-medium wp-image-206648\" src=\"http:\/\/www.pcnen.com\/portal\/wp-content\/uploads\/2016\/06\/svjedok-300x226.jpg\" alt=\"\" width=\"300\" height=\"226\" \/>Biv\u0161i na\u010delnik Uprave za bezbjednost JNA Aleksandar Vasiljevi\u0107 je potvrdio u Hagu da su Milorad Ulemek i Zvezdan Jovanovi\u0107, osu\u0111eni za atentat na premijera Srbije Zorana \u0110in\u0111i\u0107a, \u00a0&#8220;bili pod jurisdikcijom MUP Srbije&#8221;.<\/p>\n<p>On je ju\u010de, na su\u0111enju Jovici Stani\u0161i\u0107u i Franku Simatovi\u0107u-Frenkiju, optu\u017eenim za zlo\u010dine u Hrvatskoj i BiH, naveo da su oni bili u takvom statusu kada su ga, s prolje\u0107a 1992, sprije\u010dili da u\u0111e u svoju kancelariju u General\u0161tabu u Beogradu.<\/p>\n<p>&#8220;Ja Legiju nisam poznavao, a on mi je blokirao ulaz u kancelariju sa &#8216;crvenim beretkama&#8217;, 11. maja 1992&#8221;, rekao je Vasiljevi\u0107, prenosi Beta.<\/p>\n<p>Advokat drugooptu\u017eenog Simatovi\u0107a, Mihajlo Bakra\u010d je sugerisao, tokom nastavljenog unakrsnog ispitivanja, da je Ulemek-Legija u tom trenutku bio pripadnik obezbje\u0111enja generala Ne\u0111eljka Bo\u0161kovi\u0107a, glavnog bezbjednjaka Ratnog vazduhoplovstva Vojske Jugoslavije.<\/p>\n<p>Nakon Vasiljevi\u0107evog penzionisanja, u maju 1992, upravo je general Bo\u0161kovi\u0107 postavljen, umjesto njega, za na\u010delnika Uprave za bezbjednost.<\/p>\n<p>&#8220;Da, ne samo Legija, nego je i Zvezdan Jovanovi\u0107 obezbje\u0111ivao komandanta RV i PVO generala Bo\u017eidara Stevanovi\u0107a&#8221;, precizirao je Vasiljevi\u0107.<\/p>\n<p>Svjedok je naglasio da su i Ulemek i Jovanovi\u0107 bili &#8220;pod jurisdikcijom MUP Srbije&#8221;.<\/p>\n<p>Po tvrdnjama ha\u0161kog tu\u017eila\u0161tva, generali Bo\u0161kovi\u0107 i Stevanovi\u0107 bili su pripadnici &#8220;vojne linije&#8221; koje su \u010delnici Slu\u017ebe dr\u017eavne bezbjednosti (SDB) Srbije Stani\u0161i\u0107 i Simatovi\u0107 organizovali radi prikrivenih dejstava snaga iz Srbije na rati\u0161tima u Hrvatskoj i BiH.<\/p>\n<p>Ulemek i Jovanovi\u0107 osu\u0111eni su na po 40 godina zatvora zbog ubistva premijera Srbije Zorana \u0110in\u0111i\u0107a u martu 2003.<\/p>\n<p>Tada\u0161nji \u010delnici SDB Srbije Stani\u0161i\u0107 (68) i Simatovi\u0107 (68) optu\u017eeni su za progon, ubistva, deportacije i prisilno premje\u0161tanje Hrvata i Muslimana iz Hrvatske i BiH, 1991-95.<\/p>\n<p>Po optu\u017enici, razne formacije &#8220;crvenih beretki&#8221;, kao i paravojska \u017deljka Ra\u017enatovi\u0107a-Arkana, koje su po\u010dinile te zlo\u010dine, bile su pod kontrolom optu\u017eenih i SDB Srbije.<\/p>\n<p>Unakrsno ispitivanje generala Vasiljevi\u0107a bi\u0107e nastavljeno u utorak, 5. februara.<\/p>\n<p>General Vasiljevi\u0107 na su\u0111enju Stani\u0161i\u0107u i Simatovi\u0107u svjedo\u010di po obavezuju\u0107em nalogu suda (subpoena), posredstvom video veze iz Beograda.<\/p>\n<p>Stani\u0161i\u0107a i Simatovi\u0107a uhapsile su i u Hag izru\u010dile vlasti Srbije, s prolje\u0107a 2003, neposredno poslijie ubistva srpskog premijera Zorana \u0110in\u0111i\u0107a.<\/p>\n<p>Posle prvog su\u0111enja, koje je, nakon jednog neuspjelog poku\u0161aja, po\u010delo 2009, prvostepeno vije\u0107e Ha\u0161kog tribunala oslobodilo je, 29. maja 2013. Stani\u0161i\u0107a i Simatovi\u0107a krivice po svih pet ta\u010daka optu\u017enice.<\/p>\n<p>Me\u0111utim, apelaciono vije\u0107e Tribunala usvojilo je, 15. decembra 2015, klju\u010dne osnove \u017ealbe koju je na tu presudu ulo\u017eilo Tu\u017eila\u0161tvo. Poni\u0161tilo je osloba\u0111aju\u0107u presudu i nalo\u017eilo da proces bude ponovljen.<\/p>\n<p>Zlo\u010dini za koje su optu\u017eeni Stani\u0161i\u0107 i Simatovi\u0107 po\u010dinjeni su, kako tvrde tu\u017eioci, tokom sprovo\u0111enja udru\u017eenog zlo\u010dina\u010dkog poduhvata, \u010diji je cilj bilo trajno i nasilno uklanjanje Hrvata i Muslimana sa velikih djelova teritorija Hrvatske i BiH, radi ostvarivanja srpske dominacije.<\/p>\n<p>Na \u010delu zlo\u010dina\u010dkog udru\u017eenja bio je, po tu\u017eiocima, tada\u0161nji predsjednik Srbije Slobodan Milo\u0161evi\u0107.<\/p>\n<p>Ponovljeno su\u0111enje Stani\u0161i\u0107u i Simatovi\u0107u, koje je po\u010delo 13. juna 2017, poslednji je ha\u0161ki proces u kojem se utvr\u0111uje da li su za zlo\u010dine u Hrvatskoj i BiH odgovorni zvani\u010dnici Srbije.<\/p>\n<p>Pred Ha\u0161kim tribunalom nijedan dr\u017eavni zvani\u010dnik Srbije nije bio osu\u0111en za te zlo\u010dine.<\/p>\n","protected":false},"excerpt":{"rendered":"<p>Biv\u0161i na\u010delnik Uprave za bezbjednost JNA Aleksandar Vasiljevi\u0107 je potvrdio u Hagu da su Milorad Ulemek i Zvezdan Jovanovi\u0107, osu\u0111eni za atentat na premijera Srbije Zorana \u0110in\u0111i\u0107a, \u00a0&#8220;bili pod jurisdikcijom MUP Srbije&#8221;. On je ju\u010de, na su\u0111enju Jovici Stani\u0161i\u0107u i Franku Simatovi\u0107u-Frenkiju, optu\u017eenim za zlo\u010dine u Hrvatskoj i BiH, naveo da su oni bili u [&hellip;]<\/p>\n","protected":false},"author":1,"featured_media":0,"comment_status":"open","ping_status":"closed","sticky":false,"template":"","format":"standard","meta":{"_seopress_robots_primary_cat":"","_seopress_titles_title":"","_seopress_titles_desc":"","_seopress_robots_index":"","_et_pb_use_builder":"","_et_pb_old_content":"","_et_gb_content_width":"","inline_featured_image":false,"footnotes":""},"categories":[14,12],"tags":[],"class_list":["post-260791","post","type-post","status-publish","format-standard","hentry","category-vijesti","category-prica-dana"],"_links":{"self":[{"href":"https:\/\/www.pcnen.com\/portal\/wp-json\/wp\/v2\/posts\/260791","targetHints":{"allow":["GET"]}}],"collection":[{"href":"https:\/\/www.pcnen.com\/portal\/wp-json\/wp\/v2\/posts"}],"about":[{"href":"https:\/\/www.pcnen.com\/portal\/wp-json\/wp\/v2\/types\/post"}],"author":[{"embeddable":true,"href":"https:\/\/www.pcnen.com\/portal\/wp-json\/wp\/v2\/users\/1"}],"replies":[{"embeddable":true,"href":"https:\/\/www.pcnen.com\/portal\/wp-json\/wp\/v2\/comments?post=260791"}],"version-history":[{"count":0,"href":"https:\/\/www.pcnen.com\/portal\/wp-json\/wp\/v2\/posts\/260791\/revisions"}],"wp:attachment":[{"href":"https:\/\/www.pcnen.com\/portal\/wp-json\/wp\/v2\/media?parent=260791"}],"wp:term":[{"taxonomy":"category","embeddable":true,"href":"https:\/\/www.pcnen.com\/portal\/wp-json\/wp\/v2\/categories?post=260791"},{"taxonomy":"post_tag","embeddable":true,"href":"https:\/\/www.pcnen.com\/portal\/wp-json\/wp\/v2\/tags?post=260791"}],"curies":[{"name":"wp","href":"https:\/\/api.w.org\/{rel}","templated":true}]}}