{"id":260763,"date":"2019-02-03T18:48:38","date_gmt":"2019-02-03T17:48:38","guid":{"rendered":"http:\/\/www.pcnen.com\/portal\/?p=260763"},"modified":"2019-02-03T19:06:57","modified_gmt":"2019-02-03T18:06:57","slug":"cetvoro-ljudi-se-utopilo-u-skadarskom-jezeru","status":"publish","type":"post","link":"https:\/\/www.pcnen.com\/portal\/2019\/02\/03\/cetvoro-ljudi-se-utopilo-u-skadarskom-jezeru\/","title":{"rendered":"\u010cetvoro ljudi se utopilo u Skadarskom jezeru"},"content":{"rendered":"<p><img loading=\"lazy\" decoding=\"async\" class=\"alignright size-medium wp-image-228792\" src=\"http:\/\/www.pcnen.com\/portal\/wp-content\/uploads\/2017\/06\/jezero-300x130.jpg\" alt=\"\" width=\"300\" height=\"130\" \/>Tro\u010dlana porodica Kumburovi\u0107 iz Zete, roditelji i k\u0107erka, i Podgori\u010danin Darko Vujo\u0161evi\u0107 utopili su se danas na Skadarskom jezeru, nakon \u0161to se zbog nevremena prevrnuo \u010damac u kojem su bili sa jo\u0161 \u010detiri osobe, uklju\u010duju\u0107i sve\u0161tenika koji je vozio \u010damac, objavila je TV Vijesti.<\/p>\n<p>Zbog iznenadnog nevremena, digli su se talasi koji su prevrnuli \u010damac.<\/p>\n<p>Tijelo majke je prona\u0111eno, a za tijelima ostalih se traga.<\/p>\n<p>Jedan od pre\u017eivjelih, Radojica Ra\u0161ovi\u0107 je kazao novinarima da je majka poku\u0161avala da spasi dijete, a kad su obje potonule, poku\u0161avali su bezuspje\u0161no da ih\u00a0 spasu otac i njihov prijatelji Vujo\u0161evi\u0107.<\/p>\n<p>Oni su, prema svjedo\u010denju Ra\u0161ovi\u0107a, jutros oti\u0161li u manastir Vranjina, a do nesre\u0107e je do\u0161lo kada su se vra\u0107ali.<\/p>\n","protected":false},"excerpt":{"rendered":"<p>Tro\u010dlana porodica Kumburovi\u0107 iz Zete, roditelji i k\u0107erka, i Podgori\u010danin Darko Vujo\u0161evi\u0107 utopili su se danas na Skadarskom jezeru, nakon \u0161to se zbog nevremena prevrnuo \u010damac u kojem su bili sa jo\u0161 \u010detiri osobe, uklju\u010duju\u0107i sve\u0161tenika koji je vozio \u010damac, objavila je TV Vijesti. Zbog iznenadnog nevremena, digli su se talasi koji su prevrnuli \u010damac. [&hellip;]<\/p>\n","protected":false},"author":1,"featured_media":0,"comment_status":"open","ping_status":"closed","sticky":false,"template":"","format":"standard","meta":{"_seopress_robots_primary_cat":"","_seopress_titles_title":"","_seopress_titles_desc":"","_seopress_robots_index":"","_et_pb_use_builder":"","_et_pb_old_content":"","_et_gb_content_width":"","inline_featured_image":false,"footnotes":""},"categories":[14,12],"tags":[],"class_list":["post-260763","post","type-post","status-publish","format-standard","hentry","category-vijesti","category-prica-dana"],"_links":{"self":[{"href":"https:\/\/www.pcnen.com\/portal\/wp-json\/wp\/v2\/posts\/260763","targetHints":{"allow":["GET"]}}],"collection":[{"href":"https:\/\/www.pcnen.com\/portal\/wp-json\/wp\/v2\/posts"}],"about":[{"href":"https:\/\/www.pcnen.com\/portal\/wp-json\/wp\/v2\/types\/post"}],"author":[{"embeddable":true,"href":"https:\/\/www.pcnen.com\/portal\/wp-json\/wp\/v2\/users\/1"}],"replies":[{"embeddable":true,"href":"https:\/\/www.pcnen.com\/portal\/wp-json\/wp\/v2\/comments?post=260763"}],"version-history":[{"count":0,"href":"https:\/\/www.pcnen.com\/portal\/wp-json\/wp\/v2\/posts\/260763\/revisions"}],"wp:attachment":[{"href":"https:\/\/www.pcnen.com\/portal\/wp-json\/wp\/v2\/media?parent=260763"}],"wp:term":[{"taxonomy":"category","embeddable":true,"href":"https:\/\/www.pcnen.com\/portal\/wp-json\/wp\/v2\/categories?post=260763"},{"taxonomy":"post_tag","embeddable":true,"href":"https:\/\/www.pcnen.com\/portal\/wp-json\/wp\/v2\/tags?post=260763"}],"curies":[{"name":"wp","href":"https:\/\/api.w.org\/{rel}","templated":true}]}}