{"id":260756,"date":"2019-02-03T17:11:33","date_gmt":"2019-02-03T16:11:33","guid":{"rendered":"http:\/\/www.pcnen.com\/portal\/?p=260756"},"modified":"2020-03-25T12:38:58","modified_gmt":"2020-03-25T11:38:58","slug":"aem-prihvatila-inicijativu-media-centra","status":"publish","type":"post","link":"https:\/\/www.pcnen.com\/portal\/2019\/02\/03\/aem-prihvatila-inicijativu-media-centra\/","title":{"rendered":"AEM prihvatila inicijativu Media centra"},"content":{"rendered":"<p>Agencija za elektronske medije je prihvatila<a href=\"http:\/\/www.pcnen.com\/portal\/2019\/01\/24\/media-centar-zaustaviti-emitovanje-rijaliti-programa-preko-kablovskih-operatera\/\"> inicijativu Media centra<\/a> kojom je tra\u017eena hitna izmjena Pravilnika o programskim standardima u elektronskim medijima kako bi bila uvedena obaveza grani\u010dnog perioda za za\u0161titu maloljetnika i za kablovske operatere, saop\u0161tila je ova nevladina organizacija\u00a0 i izrazila zadovoljstvo zbog toga.<\/p>\n<p>Savjet AEM je na sjednici odr\u017eanoj 1. februara usvojio tra\u017eene izmjene Pravilnika.<\/p>\n<p>\u201cPravilnik o programskim standardima u elektronskim medijima usvojen je 2011. godine a AEM je skoro osam godina smi\u0161ljeno izbjegavala da osigura primjenu \u010dlana 82 Zakona o elektronskim medijima koji obavezuje i kablovske operatere na za\u0161titu maloljetnika od neprimjerenih sadr\u017eaja\u201d, ocijenjeno je u saop\u0161tenju koje je potpisao Goran \u0110urovi\u0107, direktor Media centra.<\/p>\n<p>U saop\u0161tenjiu se navodi da televizije iz Republike Srbije (Happy, Pink i Pink M) godinama posredstvom kablovskih operatera emituju tokom cijelog dana \u201creality\u201d programe \u201c kojima se \u010desto promovi\u0161e nasilje i govor mr\u017enje\u201d.<\/p>\n<p>\u201cSavjet i direktor AEM-a Abaz D\u017eafi\u0107 su ignorisali zakon godinama dok su kablovski operateri emitovali tokom cijelog dana \u2018Parove\u2019, \u2018Zadrugu\u2019 i \u2018Farmu\u2019. \u010clanovi Savjeta AEM i direktor nisu ni\u0161ta radili na ispravljanju mnogobrojnih slu\u010dajeva kr\u0161enja zakonskih akata za \u010diju su primjenu odgovorni\u201d, konstatuje Media centar.<\/p>\n<p>Media centar \u00a0je saop\u0161tio i da je siguran da njegova inicijativa ne bi bila prihv\u0107ena \u201cda AEM nije dobila jasnu politi\u010dku naredbu od vlasti da se onemogu\u0107i emitovanje Happy TV i Pink televizije, koji su postali nepo\u017eeljni mediji u Crnoj Gori jer su po\u010deli da kritikuju javne funkcionere\u201d. \u201cI ova situacija pokazuje da AEM nje samostalna u svom radu i da nije nezavisni regulator jer je ignorisala kr\u0161enje zakona od televizija iz susjedne dr\u017eave sve dok god je to odgovaralo vlastima\u201d.<\/p>\n","protected":false},"excerpt":{"rendered":"<p>Savjet AEM je na sjednici odr\u017eanoj 1. februara usvojio tra\u017eene izmjene Pravilnika.<\/p>\n","protected":false},"author":1,"featured_media":0,"comment_status":"open","ping_status":"closed","sticky":false,"template":"","format":"standard","meta":{"_seopress_robots_primary_cat":"","_seopress_titles_title":"","_seopress_titles_desc":"","_seopress_robots_index":"","_et_pb_use_builder":"","_et_pb_old_content":"","_et_gb_content_width":"","inline_featured_image":false,"footnotes":""},"categories":[14],"tags":[],"class_list":["post-260756","post","type-post","status-publish","format-standard","hentry","category-vijesti"],"_links":{"self":[{"href":"https:\/\/www.pcnen.com\/portal\/wp-json\/wp\/v2\/posts\/260756","targetHints":{"allow":["GET"]}}],"collection":[{"href":"https:\/\/www.pcnen.com\/portal\/wp-json\/wp\/v2\/posts"}],"about":[{"href":"https:\/\/www.pcnen.com\/portal\/wp-json\/wp\/v2\/types\/post"}],"author":[{"embeddable":true,"href":"https:\/\/www.pcnen.com\/portal\/wp-json\/wp\/v2\/users\/1"}],"replies":[{"embeddable":true,"href":"https:\/\/www.pcnen.com\/portal\/wp-json\/wp\/v2\/comments?post=260756"}],"version-history":[{"count":1,"href":"https:\/\/www.pcnen.com\/portal\/wp-json\/wp\/v2\/posts\/260756\/revisions"}],"predecessor-version":[{"id":287180,"href":"https:\/\/www.pcnen.com\/portal\/wp-json\/wp\/v2\/posts\/260756\/revisions\/287180"}],"wp:attachment":[{"href":"https:\/\/www.pcnen.com\/portal\/wp-json\/wp\/v2\/media?parent=260756"}],"wp:term":[{"taxonomy":"category","embeddable":true,"href":"https:\/\/www.pcnen.com\/portal\/wp-json\/wp\/v2\/categories?post=260756"},{"taxonomy":"post_tag","embeddable":true,"href":"https:\/\/www.pcnen.com\/portal\/wp-json\/wp\/v2\/tags?post=260756"}],"curies":[{"name":"wp","href":"https:\/\/api.w.org\/{rel}","templated":true}]}}