{"id":260752,"date":"2019-02-03T13:18:57","date_gmt":"2019-02-03T12:18:57","guid":{"rendered":"http:\/\/www.pcnen.com\/portal\/?p=260752"},"modified":"2019-02-03T13:18:57","modified_gmt":"2019-02-03T12:18:57","slug":"umro-covjek-koji-je-posadio-pet-miliona-stabala","status":"publish","type":"post","link":"https:\/\/www.pcnen.com\/portal\/2019\/02\/03\/umro-covjek-koji-je-posadio-pet-miliona-stabala\/","title":{"rendered":"Umro \u010dovjek koji je posadio pet miliona stabala"},"content":{"rendered":"<p><iframe loading=\"lazy\" title=\"India\u2019s \u2018Tree man\u2019 Vishweshwar Dutt Saklani no more\" width=\"1080\" height=\"608\" src=\"https:\/\/www.youtube.com\/embed\/iaITKydrH88?feature=oembed\" frameborder=\"0\" allow=\"accelerometer; autoplay; clipboard-write; encrypted-media; gyroscope; picture-in-picture; web-share\" allowfullscreen><\/iframe><\/p>\n<p>Indijac Vive\u0161var Dut Saklani preminuo je 18. januara 2019. godine, ali \u0107e u sje\u0107anju \u017eivjeti kao predani \u010dovjek koji je zasadio vi\u0161e od pet miliona stabala i pretvorio svoju ogoljenu domovinu u \u0161umu, prenose online mediji.<\/p>\n<p>&#8220;\u010cesto je govorio da nema devetoro, nego pet miliona djece&#8221;, prisje\u0107a se njegov sin, koji je dodao da \u0107e ga sada, nakon njegove smrti, tra\u017eiti u svakoj \u0161umi.<\/p>\n<p>Prvu mladicu je zasadio kada je imao osam godina zajedno s ujakom i tu tradiciju je odr\u017eavao sedam decenija \u017eivota, dok nije izgubio vid i postao prestar.<\/p>\n<p>Ro\u0111aci ovog \u010dovjeka se sje\u0107aju momenta kada je umro njegov brat, veteran i komunisti\u010dki vo\u0111a. Tada je Vive\u0161var po\u010deo svakog jutra da nestaje u \u0161umi i da provodi dane sade\u0107i drve\u0107e. Onda je 1958. godine njegova prva \u017eena umrla i opet je po\u010deo da provodi sve vi\u0161e vremena sam, sade\u0107i mladice kako bi se nosio s bolom. Posvetio je \u017eivot sadnji \u0161ume u se\u0107anje na brata i \u017eenu.<\/p>\n<p>Na po\u010detku su se seljani protivili tome, \u010dak su ga i tukli, jer je sadio drve\u0107e na javnom zemlji\u0161tu.<\/p>\n<p>Uprkos ovome, nikada nije odustao. Nastavio je da sadi drve\u0107e koje je toliko volio da je na kraju dobio odluku suda da sa\u0111enje drve\u0107a nije zlo\u010din.<\/p>\n","protected":false},"excerpt":{"rendered":"<p>Indijac Vive\u0161var Dut Saklani preminuo je 18. januara 2019. godine, ali \u0107e u sje\u0107anju \u017eivjeti kao predani \u010dovjek koji je zasadio vi\u0161e od pet miliona stabala i pretvorio svoju ogoljenu domovinu u \u0161umu, prenose online mediji. &#8220;\u010cesto je govorio da nema devetoro, nego pet miliona djece&#8221;, prisje\u0107a se njegov sin, koji je dodao da \u0107e [&hellip;]<\/p>\n","protected":false},"author":1,"featured_media":0,"comment_status":"open","ping_status":"closed","sticky":false,"template":"","format":"standard","meta":{"_seopress_robots_primary_cat":"","_seopress_titles_title":"","_seopress_titles_desc":"","_seopress_robots_index":"","_et_pb_use_builder":"","_et_pb_old_content":"","_et_gb_content_width":"","inline_featured_image":false,"footnotes":""},"categories":[14,12],"tags":[],"class_list":["post-260752","post","type-post","status-publish","format-standard","hentry","category-vijesti","category-prica-dana"],"_links":{"self":[{"href":"https:\/\/www.pcnen.com\/portal\/wp-json\/wp\/v2\/posts\/260752","targetHints":{"allow":["GET"]}}],"collection":[{"href":"https:\/\/www.pcnen.com\/portal\/wp-json\/wp\/v2\/posts"}],"about":[{"href":"https:\/\/www.pcnen.com\/portal\/wp-json\/wp\/v2\/types\/post"}],"author":[{"embeddable":true,"href":"https:\/\/www.pcnen.com\/portal\/wp-json\/wp\/v2\/users\/1"}],"replies":[{"embeddable":true,"href":"https:\/\/www.pcnen.com\/portal\/wp-json\/wp\/v2\/comments?post=260752"}],"version-history":[{"count":0,"href":"https:\/\/www.pcnen.com\/portal\/wp-json\/wp\/v2\/posts\/260752\/revisions"}],"wp:attachment":[{"href":"https:\/\/www.pcnen.com\/portal\/wp-json\/wp\/v2\/media?parent=260752"}],"wp:term":[{"taxonomy":"category","embeddable":true,"href":"https:\/\/www.pcnen.com\/portal\/wp-json\/wp\/v2\/categories?post=260752"},{"taxonomy":"post_tag","embeddable":true,"href":"https:\/\/www.pcnen.com\/portal\/wp-json\/wp\/v2\/tags?post=260752"}],"curies":[{"name":"wp","href":"https:\/\/api.w.org\/{rel}","templated":true}]}}