{"id":260657,"date":"2019-02-01T16:21:35","date_gmt":"2019-02-01T15:21:35","guid":{"rendered":"http:\/\/www.pcnen.com\/portal\/?p=260657"},"modified":"2019-02-01T16:21:35","modified_gmt":"2019-02-01T15:21:35","slug":"ozon-predlaze-zajednicku-akciju-za-zastitu-rijeke-zete","status":"publish","type":"post","link":"https:\/\/www.pcnen.com\/portal\/2019\/02\/01\/ozon-predlaze-zajednicku-akciju-za-zastitu-rijeke-zete\/","title":{"rendered":"Ozon predla\u017ee zajedni\u010dku akciju za za\u0161titu rijeke Zete"},"content":{"rendered":"<p><img loading=\"lazy\" decoding=\"async\" src=\"http:\/\/www.pcnen.com\/portal\/wp-content\/uploads\/2011\/08\/OZON1.jpg\" alt=\"\" width=\"300\" height=\"300\" class=\"alignright size-full wp-image-58790\" \/>Ekolo\u0161ki pokret Ozon je pozvao lokalne uprave u Nik\u0161i\u0107u, Danilovgradu i Podgorici da, u saradnji sa Vladom, po\u010dnu proces zakonske za\u0161tite podru\u010dja rijeke Zete, kao jednog od najprepoznatljivijih i najva\u017enijih vodotokova u Crnoj Gori. <\/p>\n<p>U toj nevladinoj organizaciji smatraju da je potrebno strate\u0161ki prepoznati va\u017enost tog vodotoka za dalji razvoj lokalnih zajednica, shodno orgomnom ekosistemskom zna\u010daju rijeke Zete sa pritokama i hidrolo\u0161kim fenomenima, specifi\u010dnostima njenog gornjeg i donjeg toka.<\/p>\n<p>Direktor Ozona Aleksandar Perovi\u0107 smatra da je va\u017eno i prepoznati i potencijal za nacionalno brendiranje Crne Gore kao ekolo\u0161ke dr\u017eave, odnosno cjelokupan dru\u0161tveni prosperitet.<\/p>\n<p>Perovi\u0107 je kazao da Ozon predla\u017ee da lokalne uprave Nik\u0161i\u0107a, Danilovgrada i Podgorice, za po\u010detak usvoje zajedni\u010dku Rezoluciju za za\u0161titu rijeke Zete, kako bi se omogu\u0107ilo i zainteresovanoj javnosti da se uklju\u010di u ovu inicijativu,<\/p>\n<p>&#8220;A da Vlada Crne Gore, preko nadle\u017enih institucija, Ministarstva odr\u017eivog razvoja i turizma, odnosno Agencije za za\u0161titu prirode i \u017eivotne sredine, otvori javnu raspravu kako bi se kroz argumentovanu diskusiju sagledale sve bitne \u010dinjenice&#8221;, naveo je Perovi\u0107.<\/p>\n<p>On je ocijenio da je veoma je va\u017eno da se studijom za\u0161tite prepoznaju i lokalne specifi\u010dnosti podru\u010dja rijeke Zete, kako bi se i predlo\u017eili odgovaraju\u0107i stepeni za\u0161tite, shodno Zakonu o za\u0161titi prirode.<\/p>\n<p>&#8220;Ali i poku\u0161ao prepoznati njen puni potencijal u kontekstu razvojnog pravca ekolo\u0161ke dr\u017eave, \u0161to bi tako\u0111e moglo biti zanimljivo i za predlaganje vrste za\u0161tite&#8221;, rekao je Perovi\u0107.<\/p>\n<p>On smatra da je za\u0161tita rijeke Zete, imaju\u0107i u vidu da je njen ekosistemski zna\u010daj prepoznat, osim u nacionalnim i lokalnim strate\u0161kim dokumentima i na me\u0111unarodnom nivou, bitna i u kontekstu evropskih integracija i uspje\u0161nosti pregovora kroz poglavlje 27.<\/p>\n<p>Perovi\u0107 je kazao da je to jo\u0161 jedan agrument vi\u0161e za zajedni\u010dku rezoluciju lokalnih uprava op\u0161tina kroz koje prolazi.<\/p>\n<p>&#8220;Samo ime ove rijeke ima i identitetski, istorijski i nacionalni zna\u010daj, pa bi dono\u0161enjem zajedni\u010dke rezolucije o njenoj za\u0161titi na najbolji mogu\u0107i na\u010din bio pokazan istinski patriotizam svih gra\u0111ana, koji shvataju koliki su potencijali razvojne ideje ekolo\u0161ke dr\u017eave&#8221;, rekao je Perovi\u0107.<\/p>\n<p>On je najavio da \u0107e Ozon po\u010deti prikupljanje podr\u0161ke gra\u0111ana za za\u0161titu rijeke Zete i organizovati niz tematskih de\u0161avanja, kako bi stvorili podsticajan ambijent za javnu argumentovanu diskusiju i aktivno u\u010de\u0161\u0107e gra\u0111ana u procesu dono\u0161enja odluka koje se ti\u010du \u017eivotne sredine.<\/p>\n","protected":false},"excerpt":{"rendered":"<p>Ekolo\u0161ki pokret Ozon je pozvao lokalne uprave u Nik\u0161i\u0107u, Danilovgradu i Podgorici da, u saradnji sa Vladom, po\u010dnu proces zakonske za\u0161tite podru\u010dja rijeke Zete, kao jednog od najprepoznatljivijih i najva\u017enijih vodotokova u Crnoj Gori. U toj nevladinoj organizaciji smatraju da je potrebno strate\u0161ki prepoznati va\u017enost tog vodotoka za dalji razvoj lokalnih zajednica, shodno orgomnom ekosistemskom [&hellip;]<\/p>\n","protected":false},"author":1,"featured_media":0,"comment_status":"open","ping_status":"closed","sticky":false,"template":"","format":"standard","meta":{"_seopress_robots_primary_cat":"","_seopress_titles_title":"","_seopress_titles_desc":"","_seopress_robots_index":"","_et_pb_use_builder":"","_et_pb_old_content":"","_et_gb_content_width":"","inline_featured_image":false,"footnotes":""},"categories":[14],"tags":[],"class_list":["post-260657","post","type-post","status-publish","format-standard","hentry","category-vijesti"],"_links":{"self":[{"href":"https:\/\/www.pcnen.com\/portal\/wp-json\/wp\/v2\/posts\/260657","targetHints":{"allow":["GET"]}}],"collection":[{"href":"https:\/\/www.pcnen.com\/portal\/wp-json\/wp\/v2\/posts"}],"about":[{"href":"https:\/\/www.pcnen.com\/portal\/wp-json\/wp\/v2\/types\/post"}],"author":[{"embeddable":true,"href":"https:\/\/www.pcnen.com\/portal\/wp-json\/wp\/v2\/users\/1"}],"replies":[{"embeddable":true,"href":"https:\/\/www.pcnen.com\/portal\/wp-json\/wp\/v2\/comments?post=260657"}],"version-history":[{"count":0,"href":"https:\/\/www.pcnen.com\/portal\/wp-json\/wp\/v2\/posts\/260657\/revisions"}],"wp:attachment":[{"href":"https:\/\/www.pcnen.com\/portal\/wp-json\/wp\/v2\/media?parent=260657"}],"wp:term":[{"taxonomy":"category","embeddable":true,"href":"https:\/\/www.pcnen.com\/portal\/wp-json\/wp\/v2\/categories?post=260657"},{"taxonomy":"post_tag","embeddable":true,"href":"https:\/\/www.pcnen.com\/portal\/wp-json\/wp\/v2\/tags?post=260657"}],"curies":[{"name":"wp","href":"https:\/\/api.w.org\/{rel}","templated":true}]}}