{"id":260634,"date":"2019-02-01T10:07:07","date_gmt":"2019-02-01T09:07:07","guid":{"rendered":"http:\/\/www.pcnen.com\/portal\/?p=260634"},"modified":"2019-02-01T10:07:07","modified_gmt":"2019-02-01T09:07:07","slug":"sud-ogranicio-kretanje-mandicu-i-knezevicu","status":"publish","type":"post","link":"https:\/\/www.pcnen.com\/portal\/2019\/02\/01\/sud-ogranicio-kretanje-mandicu-i-knezevicu\/","title":{"rendered":"Sud ograni\u010dio kretanje Mandi\u0107u i Kne\u017eevi\u0107u"},"content":{"rendered":"<p><img loading=\"lazy\" decoding=\"async\" class=\"alignright size-medium wp-image-221255\" src=\"http:\/\/www.pcnen.com\/portal\/wp-content\/uploads\/2017\/02\/mandic-knezevic-300x221.jpg\" alt=\"\" width=\"300\" height=\"221\" \/>Predsjednica Sudskog vije\u0107a Vi\u0161eg suda u Podgorici koje vodi postupak protiv optu\u017eenih u slu\u010daju poznatom kao pokupaj dr\u017eavnog udara u Crnoj Gori na dan parlamentarnih izbora oktobra 2016. godine je donijela rje\u0161enje, na zahtjev Specijalnog tu\u017eila\u0161tva, kojim se prvooptu\u017eenima Andriji Mandi\u0107u i Milanu Kne\u017eevi\u0107u zabranjuje napu\u0161tanje Podgorice.<\/p>\n<p>Ukoliko bi optu\u017eeni postupili druga\u010dije, oni bi mogli da zavr\u0161e u pritvoru.<\/p>\n<p>Ova mjera nadzora, kako stoji u rje\u0161enju, va\u017ei\u0107e dokle bude potrebno, a najdalje do pravosna\u017enog okon\u010danja postupka.<\/p>\n<p>Ova mjera je obrazlo\u017eena \u010dinjenicom da ranije izre\u010dene mjere nadzora nijesu bile djelotvorne.<\/p>\n<p>Portal In4S je <a href=\"https:\/\/www.in4s.net\/sureti-sa-putinom-i-matijom-ih-zaboljeli-mugosa-uskratila-mandicu-i-knezevicu-kretanje-van-podgorice\/\">objavio faksimil rje\u0161enja.<\/a><\/p>\n<p>Mandi\u0107 i Kne\u017eevi\u0107 su trajno udaljeni iz sudnice do okon\u010danja postupka, po\u0161to je ocijenjeno da kr\u0161e procesnu disciplinu.<\/p>\n","protected":false},"excerpt":{"rendered":"<p>Ova mjera je obrazlo\u017eena \u010dinjenicom da ranije izre\u010dene mjere nadzora nijesu bile djelotvorne<\/p>\n","protected":false},"author":1,"featured_media":0,"comment_status":"open","ping_status":"closed","sticky":false,"template":"","format":"standard","meta":{"_seopress_robots_primary_cat":"","_seopress_titles_title":"","_seopress_titles_desc":"","_seopress_robots_index":"","_et_pb_use_builder":"","_et_pb_old_content":"","_et_gb_content_width":"","inline_featured_image":false,"footnotes":""},"categories":[14,12],"tags":[],"class_list":["post-260634","post","type-post","status-publish","format-standard","hentry","category-vijesti","category-prica-dana"],"_links":{"self":[{"href":"https:\/\/www.pcnen.com\/portal\/wp-json\/wp\/v2\/posts\/260634","targetHints":{"allow":["GET"]}}],"collection":[{"href":"https:\/\/www.pcnen.com\/portal\/wp-json\/wp\/v2\/posts"}],"about":[{"href":"https:\/\/www.pcnen.com\/portal\/wp-json\/wp\/v2\/types\/post"}],"author":[{"embeddable":true,"href":"https:\/\/www.pcnen.com\/portal\/wp-json\/wp\/v2\/users\/1"}],"replies":[{"embeddable":true,"href":"https:\/\/www.pcnen.com\/portal\/wp-json\/wp\/v2\/comments?post=260634"}],"version-history":[{"count":0,"href":"https:\/\/www.pcnen.com\/portal\/wp-json\/wp\/v2\/posts\/260634\/revisions"}],"wp:attachment":[{"href":"https:\/\/www.pcnen.com\/portal\/wp-json\/wp\/v2\/media?parent=260634"}],"wp:term":[{"taxonomy":"category","embeddable":true,"href":"https:\/\/www.pcnen.com\/portal\/wp-json\/wp\/v2\/categories?post=260634"},{"taxonomy":"post_tag","embeddable":true,"href":"https:\/\/www.pcnen.com\/portal\/wp-json\/wp\/v2\/tags?post=260634"}],"curies":[{"name":"wp","href":"https:\/\/api.w.org\/{rel}","templated":true}]}}