{"id":260629,"date":"2019-02-01T09:04:52","date_gmt":"2019-02-01T08:04:52","guid":{"rendered":"http:\/\/www.pcnen.com\/portal\/?p=260629"},"modified":"2019-02-01T09:54:44","modified_gmt":"2019-02-01T08:54:44","slug":"drzavni-udar-u-sudnici-mandicev-advokat-trazi-izuzece-predsjednice-vrhovnog-suda","status":"publish","type":"post","link":"https:\/\/www.pcnen.com\/portal\/2019\/02\/01\/drzavni-udar-u-sudnici-mandicev-advokat-trazi-izuzece-predsjednice-vrhovnog-suda\/","title":{"rendered":"&#8216;Dr\u017eavni udar&#8217; u sudnici: Mandi\u0107ev advokat tra\u017ei izuze\u0107e predsjednice Vrhovnog suda"},"content":{"rendered":"<p><iframe loading=\"lazy\" title=\"Vi\u0161i sud Podgorica Live Stream\" width=\"1080\" height=\"608\" src=\"https:\/\/www.youtube.com\/embed\/VJk9JpulJuo?feature=oembed\" frameborder=\"0\" allow=\"accelerometer; autoplay; clipboard-write; encrypted-media; gyroscope; picture-in-picture; web-share\" allowfullscreen><\/iframe><\/p>\n<p>U Vi\u0161em sudu u Podgorici je danas nastavljeno su\u0111enje optu\u017eenima za poku\u0161aj nasilne promjene vlasti u Crnoj Gori na dan parlamentarnih izbora 16. oktobra 2016. godine, ali je ubrzo im prekinuto, a nastavak zakazan za 6. februar ove godine.<\/p>\n<p>Sudsko vije\u0107e je prihvatilo zahtjeve odbrane i naredilo sudskom vje\u0161taku za telekomunikacije da dopuni svoja vje\u0161ta\u010denja i odgovori na brojna dopunska pitanja. Sudsko vije\u0107e nije uva\u017eilo zahtjeve odbrane za izuze\u0107em vje\u0161taka Predraga Boljevi\u0107a i da vje\u0161ta\u010denje urade stru\u010dnjaci sa Elektrotehni\u010dkog fakulteta u Podgorici.<\/p>\n<p>Advokat Miroje Jovanovi\u0107 je podsjtio Sudsko vije\u0107e da je jo\u0161 u avgustu 2017. godine odbrana optu\u017eenih imala brojne prigovore na forenzi\u010dke nalaze vje\u0161taka i tra\u017eila da to bude razja\u0161njeno na po\u010detku dokaznog postupka, kako se ne bi gubilo vrijeme, \u0161to nije uva\u017eeno. Optu\u017euju\u0107i Sudsko vije\u0107e za pristrasnost, zatra\u017eio je njegovo izuze\u0107e, kao i izuze\u0107e svih \u010delnih ljudi vi\u0161ih sudskih instance, uklju\u010duju\u0107i i predsjednicu Vrhovnog suda Vesnu Medenicu, tako\u0111e zbog pristrasnosti. On je predlo\u017eio da ovaj predmet preuzme Op\u0161ta sjednica Vrhovnog suda Crne Gore, bez predsjednice Medenice, naravno.<\/p>\n<p>Ovom zahtjevu se pridru\u017eio i advokat Du\u0161an Radisavljevi\u0107, koji je okarakterisao kao skandalozno rje\u0161enje Sudskog vije\u0107a da optu\u017eenima Andriji Mandi\u0107u i Milanu Kne\u017eevi\u0107u ograni\u010di kretanje na Podgoricu. On je kazao da je to saznao od svoga branjenika Kne\u017eevi\u0107a, a predsjedavaju\u0107a Sudskog vije\u0107a Suzana Mugo\u0161a nije negirala postojanje takvog rje\u0161enja.<\/p>\n<p>Optu\u017enicom su obuhva\u0107eni lideri opozicionog Demokratskog fronta Andrija Mandi\u0107 i Milan Kne\u017eevi\u0107, Mandi\u0107ev voza\u010d Mihailo \u010ca\u0111enovi\u0107, nekoliko dr\u017eavljana i dr\u017eavljaki Srbije, me\u0111u kojima je nekada\u0161nji komandant \u017eandarmerije Bratislav Diki\u0107, od kojih dvojica nijesu dostupni, kao i dvojica ruskih dr\u017eavljana, koji tako\u0111e nijesu dostupni crnogorskom pravosu\u0111u.<\/p>\n<p>Optu\u017eeni Mandi\u0107 i Kne\u017eevi\u0107 su trajno udaljeni iz sudnice zbog naru\u0161avanja procesne discipline.<\/p>\n<p>Optu\u017eenoj dr\u017eavljanki Srbije Branki Mili\u0107 se sada sudi u odsustvu, po\u0161to ona odbija da se ponovo vrati u pritvor i sklonila se u ambasadu Srbije u Podgorici.<\/p>\n","protected":false},"excerpt":{"rendered":"<p>U Vi\u0161em sudu u Podgorici je danas nastavljeno su\u0111enje optu\u017eenima za poku\u0161aj nasilne promjene vlasti u Crnoj Gori na dan parlamentarnih izbora 16. oktobra 2016. godine, ali je ubrzo im prekinuto, a nastavak zakazan za 6. februar ove godine. Sudsko vije\u0107e je prihvatilo zahtjeve odbrane i naredilo sudskom vje\u0161taku za telekomunikacije da dopuni svoja vje\u0161ta\u010denja [&hellip;]<\/p>\n","protected":false},"author":1,"featured_media":0,"comment_status":"open","ping_status":"closed","sticky":false,"template":"","format":"standard","meta":{"_seopress_robots_primary_cat":"","_seopress_titles_title":"","_seopress_titles_desc":"","_seopress_robots_index":"","_et_pb_use_builder":"","_et_pb_old_content":"","_et_gb_content_width":"","inline_featured_image":false,"footnotes":""},"categories":[14,12],"tags":[],"class_list":["post-260629","post","type-post","status-publish","format-standard","hentry","category-vijesti","category-prica-dana"],"_links":{"self":[{"href":"https:\/\/www.pcnen.com\/portal\/wp-json\/wp\/v2\/posts\/260629","targetHints":{"allow":["GET"]}}],"collection":[{"href":"https:\/\/www.pcnen.com\/portal\/wp-json\/wp\/v2\/posts"}],"about":[{"href":"https:\/\/www.pcnen.com\/portal\/wp-json\/wp\/v2\/types\/post"}],"author":[{"embeddable":true,"href":"https:\/\/www.pcnen.com\/portal\/wp-json\/wp\/v2\/users\/1"}],"replies":[{"embeddable":true,"href":"https:\/\/www.pcnen.com\/portal\/wp-json\/wp\/v2\/comments?post=260629"}],"version-history":[{"count":0,"href":"https:\/\/www.pcnen.com\/portal\/wp-json\/wp\/v2\/posts\/260629\/revisions"}],"wp:attachment":[{"href":"https:\/\/www.pcnen.com\/portal\/wp-json\/wp\/v2\/media?parent=260629"}],"wp:term":[{"taxonomy":"category","embeddable":true,"href":"https:\/\/www.pcnen.com\/portal\/wp-json\/wp\/v2\/categories?post=260629"},{"taxonomy":"post_tag","embeddable":true,"href":"https:\/\/www.pcnen.com\/portal\/wp-json\/wp\/v2\/tags?post=260629"}],"curies":[{"name":"wp","href":"https:\/\/api.w.org\/{rel}","templated":true}]}}