{"id":260614,"date":"2019-02-01T00:02:13","date_gmt":"2019-01-31T23:02:13","guid":{"rendered":"http:\/\/www.pcnen.com\/portal\/?p=260614"},"modified":"2019-02-01T00:02:13","modified_gmt":"2019-01-31T23:02:13","slug":"knezevic-necu-stati-dok-dukanovic-ne-ode-sa-vlasti-ili-u-zatvor","status":"publish","type":"post","link":"https:\/\/www.pcnen.com\/portal\/2019\/02\/01\/knezevic-necu-stati-dok-dukanovic-ne-ode-sa-vlasti-ili-u-zatvor\/","title":{"rendered":"Kne\u017eevi\u0107: Ne\u0107u stati dok \u0110ukanovi\u0107 ne ode sa vlasti ili u zatvor"},"content":{"rendered":"<p>Predsjednik Atlas grupe Du\u0161ko Kne\u017eevi\u0107 je, u intervjuu za Al d\u017eaziru Balkan, rekao da je spreman da prizna sve \u0161to je u\u010dinio nezakonito i odgovara za sau\u010desni\u0161tvo, ali se nada da se pola opra\u0161ta onome ko prizna.<\/p>\n<p>\u201cNemam uop\u0161te problem da sve iznesem i da ka\u017eem da vi\u0161e nisam mogao. Jer znate kada vam neko sve uzme, u\u0111e vam u svu imovinu, zablokira sve ra\u010dune, ostavi vam djecu po inostranstvu na studijama, bez para, bez kartica, vama ne ostaje ni\u0161ta drugo nego da vodite neku svoju borbu. A ta borba bi\u0107e dosta te\u0161ka, i ne\u0107u stati dok gospodin \u0110ukanovi\u0107 ne ode sa vlasti ili ga po\u0161aljem u zatvor&#8221;, rekao je Kne\u017eevi\u0107.<\/p>\n<p><iframe loading=\"lazy\" title=\"Kne\u017eevi\u0107 za AJB: Vi\u0161egodi\u0161nji pritisci na mene i banku\" width=\"1080\" height=\"608\" src=\"https:\/\/www.youtube.com\/embed\/BkJQBGuLWhw?feature=oembed\" frameborder=\"0\" allow=\"accelerometer; autoplay; clipboard-write; encrypted-media; gyroscope; picture-in-picture; web-share\" allowfullscreen><\/iframe><\/p>\n<p><iframe loading=\"lazy\" title=\"Kne\u017eevi\u0107: Ne\u0107u stati dok \u0110ukanovi\u0107 ne ode sa vlasti ili u zatvor\" width=\"1080\" height=\"608\" src=\"https:\/\/www.youtube.com\/embed\/AIX1lWul83I?feature=oembed\" frameborder=\"0\" allow=\"accelerometer; autoplay; clipboard-write; encrypted-media; gyroscope; picture-in-picture; web-share\" allowfullscreen><\/iframe><\/p>\n<p>Kne\u017eevi\u0107 je osumnji\u010den za vi\u0161e krivi\u010dnih djela u Crnoj Gori i za njim je raspisana nacionalna potjernica. Intervju sa njim\u00a0 je ura\u0111en u Londonu.<\/p>\n<p>&nbsp;<\/p>\n<p><iframe loading=\"lazy\" title=\"Kne\u017eevi\u0107 za AJB: Vi\u0161egodi\u0161nji pritisci na mene i banku\" width=\"1080\" height=\"608\" src=\"https:\/\/www.youtube.com\/embed\/BkJQBGuLWhw?feature=oembed\" frameborder=\"0\" allow=\"accelerometer; autoplay; clipboard-write; encrypted-media; gyroscope; picture-in-picture; web-share\" allowfullscreen><\/iframe><\/p>\n","protected":false},"excerpt":{"rendered":"<p>Predsjednik Atlas grupe Du\u0161ko Kne\u017eevi\u0107 je, u intervjuu za Al d\u017eaziru Balkan, rekao da je spreman da prizna sve \u0161to je u\u010dinio nezakonito i odgovara za sau\u010desni\u0161tvo, ali se nada da se pola opra\u0161ta onome ko prizna. \u201cNemam uop\u0161te problem da sve iznesem i da ka\u017eem da vi\u0161e nisam mogao. Jer znate kada vam neko [&hellip;]<\/p>\n","protected":false},"author":1,"featured_media":0,"comment_status":"open","ping_status":"closed","sticky":false,"template":"","format":"standard","meta":{"_seopress_robots_primary_cat":"","_seopress_titles_title":"","_seopress_titles_desc":"","_seopress_robots_index":"","_et_pb_use_builder":"","_et_pb_old_content":"","_et_gb_content_width":"","inline_featured_image":false,"footnotes":""},"categories":[14,12],"tags":[],"class_list":["post-260614","post","type-post","status-publish","format-standard","hentry","category-vijesti","category-prica-dana"],"_links":{"self":[{"href":"https:\/\/www.pcnen.com\/portal\/wp-json\/wp\/v2\/posts\/260614","targetHints":{"allow":["GET"]}}],"collection":[{"href":"https:\/\/www.pcnen.com\/portal\/wp-json\/wp\/v2\/posts"}],"about":[{"href":"https:\/\/www.pcnen.com\/portal\/wp-json\/wp\/v2\/types\/post"}],"author":[{"embeddable":true,"href":"https:\/\/www.pcnen.com\/portal\/wp-json\/wp\/v2\/users\/1"}],"replies":[{"embeddable":true,"href":"https:\/\/www.pcnen.com\/portal\/wp-json\/wp\/v2\/comments?post=260614"}],"version-history":[{"count":0,"href":"https:\/\/www.pcnen.com\/portal\/wp-json\/wp\/v2\/posts\/260614\/revisions"}],"wp:attachment":[{"href":"https:\/\/www.pcnen.com\/portal\/wp-json\/wp\/v2\/media?parent=260614"}],"wp:term":[{"taxonomy":"category","embeddable":true,"href":"https:\/\/www.pcnen.com\/portal\/wp-json\/wp\/v2\/categories?post=260614"},{"taxonomy":"post_tag","embeddable":true,"href":"https:\/\/www.pcnen.com\/portal\/wp-json\/wp\/v2\/tags?post=260614"}],"curies":[{"name":"wp","href":"https:\/\/api.w.org\/{rel}","templated":true}]}}